{"id":3003,"date":"2017-11-08T21:10:08","date_gmt":"2017-11-08T21:10:08","guid":{"rendered":"http:\/\/razemdlabialoleki.waw.pl\/?p=3003"},"modified":"2024-01-14T14:39:52","modified_gmt":"2024-01-14T13:39:52","slug":"z-cukrzyca-na-ty-nie-daj-sie-4","status":"publish","type":"post","link":"http:\/\/razemdlabialoleki.waw.pl\/?p=3003","title":{"rendered":"Z Cukrzyc\u0105 na Ty, nie daj si\u0119!"},"content":{"rendered":"<p><strong>W dniu 18 listopada w godzinach 9.30 \u2013 15.30 w Bia\u0142o\u0142\u0119ckim O\u015brodku Kultury przy ul. Van Gogha 1 odb\u0119dzie si\u0119 konferencja szkoleniowa&nbsp;<em>Z Cukrzyc\u0105 na Ty, nie daj si\u0119! Moje dziecko wysz\u0142o z grupy ryzyka!<\/em><\/strong><\/p>\n<p>Konferencja zosta\u0142a obj\u0119ta honorowym patronatem Rzecznika Praw Dziecka, Marsza\u0142ka Wojew\u00f3dztwa Mazowieckiego oraz Burmistrza dzielnicy Bia\u0142o\u0142\u0119ka.<\/p>\n<p>Koordynatorem konferencji jest Ewa Gajewska, Radna Dzielnicy Bia\u0142o\u0142\u0119ka, cz\u0142onkini Stowarzyszenia Razem dla Bia\u0142o\u0142\u0119ki, kt\u00f3re jest g\u0142\u00f3wnym organizatorem. Wsp\u00f3\u0142organizatorami s\u0105 Polska Federacja Edukacji w Diabetologii oraz Bia\u0142o\u0142\u0119cki O\u015brodek Kultury. Partnerami merytorycznymi s\u0105 Fundacja Medicover oraz Fundacja Szko\u0142a na widelcu.<\/p>\n<p>Europejski Komitet Regionalny WHO w Kopenhadze w 2014 roku ustanowi\u0142&nbsp;Europejski Plan&nbsp;Dzia\u0142ania w dziedzinie \u017bywno\u015bci i \u017bywienia na lata 2015-2020. Celem niniejszego planu jest znacz\u0105ce zmniejszenie obci\u0105\u017cenia chorobami&nbsp;niezaka\u017anymi, zwi\u0105zanymi&nbsp;ze sposobem \u017cywienia, kt\u00f3rym mo\u017cna zapobiega\u0107, oty\u0142o\u015bci\u0105 oraz wszystkimi postaciami nieprawid\u0142owego stanu od\u017cywienia rozpowszechnionymi w&nbsp;Europejskim Regionie WHO. Na podstawie analizy Global Burden of Disease przeprowadzonej w 2010&nbsp;roku, cukrzyca jest jednym z czterech chor\u00f3b niezaka\u017anych, kt\u00f3re s\u0105 przyczyn\u0105 przedwczesnych zgon\u00f3w. Patrz\u0105c globalnie, w ci\u0105gu ostatnich&nbsp;kilkudziesi\u0119ciu lat,&nbsp;wiele pa\u0144stw w Europie odnotowa\u0142o wzrost wska\u017anik\u00f3w nadwagi i oty\u0142o\u015bci (\u0179r\u00f3d\u0142o: WHO).<\/p>\n<p>Je\u015bli chodzi o oty\u0142o\u015b\u0107 to w Polsce ju\u017c ponad 20% dzieci i nastolatk\u00f3w zmaga si\u0119 z ni\u0105, o kt\u00f3rej si\u0119 m\u00f3wi&nbsp;\u201echoroba cywilizacyjna o zasi\u0119gu \u015bwiatowym\u201d.&nbsp;W wojew\u00f3dztwie mazowieckim wyniki si\u0119gaj\u0105 do 32% uczni\u00f3w i niestety s\u0105 najwy\u017csze w Polsce (\u0179r\u00f3d\u0142o: I\u017bi\u017b).<\/p>\n<p>A poniewa\u017c prawid\u0142owe nawyki \u017cywieniowe najsilniej kszta\u0142tuj\u0105 si\u0119 ju\u017c we wczesnym dzieci\u0144stwie, dlatego te\u017c tegoroczn\u0105 konferencj\u0119 po\u015bwi\u0119camy m\u0142odemu pokoleniu. Chcemy mie\u0107 pozytywny wp\u0142yw na najm\u0142odszych, gdy\u017c&nbsp;zmiana nawyk\u00f3w u m\u0142odego cz\u0142owieka idzie w parze ze zmian\u0105 nawyk\u00f3w ca\u0142ej rodziny. Na stronie Ministerstwa Zdrowia czytamy: \u201eDla malucha wa\u017cne jest nie tylko to, co znajdzie si\u0119 na talerzu, wielko\u015b\u0107 porcji i regularno\u015b\u0107 posi\u0142k\u00f3w, ale tak\u017ce atmosfera przy stole. Prawdziw\u0105 zmor\u0105, utrudniaj\u0105c\u0105 wyrabianie od najm\u0142odszych lat zdrowych nawyk\u00f3w \u017cywieniowych, jest w dzisiejszych czasach zaniedbywanie wsp\u00f3lnego jedzenia i konsumpcja przed telewizorem, a tak\u017ce nadmiar s\u0142odyczy i brak ruchu\u201d&nbsp;(\u0179r\u00f3d\u0142o: Ministerstwo Zdrowia).<\/p>\n<p>W trakcie konferencji&nbsp;<em>Fundacja Szko\u0142a na widelcu<\/em>&nbsp;przeprowadzi dla nas warsztaty kulinarne z udzia\u0142em dzieci z konkursu plastycznego \u201eCukrzyca w moich oczach vol.2\u201d, kt\u00f3ry w bia\u0142o\u0142\u0119ckich szko\u0142ach trwa\u0142 do 15 pa\u017adziernika.<\/p>\n<p>Wed\u0142ug GUS w Polsce na cukrzyc\u0119 choruje ponad 2,1 mln os\u00f3b w wieku 15 lat i wi\u0119cej.<\/p>\n<p>Alicja Szewczyk, przewodnicz\u0105ca PFED,&nbsp;m\u00f3wi, \u017ce: edukacja diabetologiczna os\u00f3b z cukrzyc\u0105 zwi\u0119ksza ich wiedz\u0119 i kszta\u0142tuje odpowiedni\u0105 postaw\u0119 wobec choroby oraz terapii. W d\u0142u\u017cszej perspektywie redukuje ryzyko wyst\u0105pienia gro\u017anych powik\u0142a\u0144, poprawia jako\u015b\u0107 \u017cycia oraz daje szans\u0119 na normalne funkcjonowanie w spo\u0142ecze\u0144stwie. Poprawa dost\u0119pno\u015bci do holistycznej edukacji diabetologicznej oraz wy\u017csza \u015bwiadomo\u015b\u0107 choroby w spo\u0142ecze\u0144stwie mog\u0105 nie tylko znacz\u0105co obni\u017cy\u0107 liczb\u0119 hospitalizacji i nowych zachorowa\u0144, lecz r\u00f3wnie\u017c zredukowa\u0107 koszty cukrzycy.<\/p>\n<p>Serdecznie Pa\u0144stwa zapraszamy na&nbsp;<em>Drug\u0105 Konferencj\u0119 Szkoleniow\u0105 Z Cukrzyc\u0105 na Ty, nie daj si\u0119!<\/em>&nbsp;<em>Moje dziecko wysz\u0142o z grupy ryzyka!<\/em>. Prosimy o zapoznanie si\u0119 z programem konferencji, kt\u00f3ry jest dost\u0119pny na stronie:&nbsp;<a href=\"http:\/\/www.razemdlabialoleki.waw.pl\/\"><u>www.razemdlabialoleki.waw.pl<\/u><\/a>.<\/p>\n<p>Opr\u00f3cz bogatego programu w trakcie konferencji b\u0119dzie mo\u017cliwo\u015b\u0107 pomiaru poziomu cukru we krwi. Pomiaru dokonaj\u0105 cz\u0142onkowie&nbsp;Polskiej Federacji Edukacji w Diabetologii.<\/p>\n<p>Naszymi partnerami s\u0105 dodatkowo Ascensia, Egurolla Dance Studio Tarchomin oraz Fundacja dla Dzieci z cukrzyc\u0105.<\/p>\n<p>Wsparcie organizacyjne zapewniaj\u0105 sponsorzy:&nbsp;Bakoma,&nbsp;Centrum Medyczne Bia\u0142o\u0142\u0119ka,&nbsp;Decathlon,&nbsp;DH Tarchomin,&nbsp;Garden Ana,&nbsp;Bar Romanka, Trodat, Woda Kryszta\u0142 i&nbsp;Wydawnictwo Medyk.<\/p>\n<p>Patronat\u00f3w medialnych udzielili nam:&nbsp;Bia\u0142o\u0142\u0119ka \u2013 platforma s\u0105siedzka,&nbsp;Internetowa Bia\u0142o\u0142\u0119ka \u2013&nbsp;ibialoleka.pl,&nbsp;Koalicja na rzecz walki z cukrzyc\u0105,&nbsp;mojacukrzyca.org, Szugarfik oraz&nbsp;Warszawa i Okolice \u2013&nbsp;<a href=\"http:\/\/wio.waw.pl\/\">wio.waw.pl<\/a><\/p>\n<p><strong>Wa\u017cne:<\/strong><\/p>\n<p><strong>Do 15 listopada prosimy o&nbsp; zg\u0142oszenia<\/strong>&nbsp;&nbsp;drog\u0105 elektroniczn\u0105 za pomoc\u0105 formularza, kt\u00f3ry jest dost\u0119pny pod poni\u017cszym linkiem:&nbsp;<a href=\"https:\/\/goo.gl\/gnC5dN\"><u>goo.gl\/gnC5dN<\/u><\/a>.<\/p>\n<p>Udzia\u0142 w konferencji jest&nbsp;<strong>bezp\u0142atny,<\/strong>&nbsp;<strong>rejestracja jest obowi\u0105zkowa<\/strong>.<\/p>\n<p>Dzi\u0119ki wsp\u00f3\u0142pracy&nbsp;z&nbsp;Barem Romanka&nbsp;w tegorocznej edycji konferencji wprowadzamy mo\u017cliwo\u015b\u0107&nbsp;<strong>zakupu obiadu<\/strong>. &nbsp;Mamy nadziej\u0119, \u017ce taka opcja wzmocnienia b\u0119dzie odpowiedzi\u0105 na Pa\u0144stwa potrzeby.&nbsp;<\/p>\n<p>Zapraszamy Pa\u0144stwa<\/p>\n<p><strong>Ewa Gajewska<\/strong>, koordynatorka konferencji, Radna Dzielnicy Bia\u0142o\u0142\u0119ka, Stowarzyszenie Razem dla Bia\u0142o\u0142\u0119ki<\/p>\n<p><strong>Jan Mackiewicz<\/strong>, Prezes Stowarzyszenia Razem dla Bia\u0142o\u0142\u0119ki<\/p>\n<p><strong>Alicja Szewczyk<\/strong>, Przewodnicz\u0105ca Polskiej Federacji Edukacji w Diabetologii<\/p>\n<p><strong>Karolina Adelt-Paprocka<\/strong>, Dyrektor Bia\u0142o\u0142\u0119ckiego O\u015brodka Kultury<\/p>\n","protected":false},"excerpt":{"rendered":"<p>W dniu 18 listopada w godzinach 9.30 \u2013 15.30 w Bia\u0142o\u0142\u0119ckim O\u015brodku Kultury przy ul. Van Gogha 1 odb\u0119dzie si\u0119 konferencja szkoleniowa&nbsp;Z Cukrzyc\u0105 na Ty, nie daj si\u0119! Moje dziecko wysz\u0142o z grupy ryzyka! Konferencja zosta\u0142a obj\u0119ta honorowym patronatem Rzecznika Praw Dziecka, Marsza\u0142ka Wojew\u00f3dztwa Mazowieckiego oraz Burmistrza dzielnicy Bia\u0142o\u0142\u0119ka. Koordynatorem konferencji jest Ewa Gajewska, Radna [&hellip;]<\/p>\n","protected":false},"author":2,"featured_media":2905,"comment_status":"closed","ping_status":"closed","sticky":false,"template":"","format":"standard","meta":{"ngg_post_thumbnail":0,"footnotes":""},"categories":[10,6],"tags":[],"class_list":["post-3003","post","type-post","status-publish","format-standard","has-post-thumbnail","hentry","category-akcja-spoleczna","category-konferencja"],"_links":{"self":[{"href":"http:\/\/razemdlabialoleki.waw.pl\/index.php?rest_route=\/wp\/v2\/posts\/3003","targetHints":{"allow":["GET"]}}],"collection":[{"href":"http:\/\/razemdlabialoleki.waw.pl\/index.php?rest_route=\/wp\/v2\/posts"}],"about":[{"href":"http:\/\/razemdlabialoleki.waw.pl\/index.php?rest_route=\/wp\/v2\/types\/post"}],"author":[{"embeddable":true,"href":"http:\/\/razemdlabialoleki.waw.pl\/index.php?rest_route=\/wp\/v2\/users\/2"}],"replies":[{"embeddable":true,"href":"http:\/\/razemdlabialoleki.waw.pl\/index.php?rest_route=%2Fwp%2Fv2%2Fcomments&post=3003"}],"version-history":[{"count":1,"href":"http:\/\/razemdlabialoleki.waw.pl\/index.php?rest_route=\/wp\/v2\/posts\/3003\/revisions"}],"predecessor-version":[{"id":3004,"href":"http:\/\/razemdlabialoleki.waw.pl\/index.php?rest_route=\/wp\/v2\/posts\/3003\/revisions\/3004"}],"wp:featuredmedia":[{"embeddable":true,"href":"http:\/\/razemdlabialoleki.waw.pl\/index.php?rest_route=\/wp\/v2\/media\/2905"}],"wp:attachment":[{"href":"http:\/\/razemdlabialoleki.waw.pl\/index.php?rest_route=%2Fwp%2Fv2%2Fmedia&parent=3003"}],"wp:term":[{"taxonomy":"category","embeddable":true,"href":"http:\/\/razemdlabialoleki.waw.pl\/index.php?rest_route=%2Fwp%2Fv2%2Fcategories&post=3003"},{"taxonomy":"post_tag","embeddable":true,"href":"http:\/\/razemdlabialoleki.waw.pl\/index.php?rest_route=%2Fwp%2Fv2%2Ftags&post=3003"}],"curies":[{"name":"wp","href":"https:\/\/api.w.org\/{rel}","templated":true}]}}