{"id":23588,"date":"2026-05-01T06:58:15","date_gmt":"2026-05-01T05:58:15","guid":{"rendered":"https:\/\/razemdlabialoleki.waw.pl\/?p=23588"},"modified":"2026-05-01T07:17:50","modified_gmt":"2026-05-01T06:17:50","slug":"statek-do-serocka-i-prom-dudek","status":"publish","type":"post","link":"http:\/\/razemdlabialoleki.waw.pl\/?p=23588","title":{"rendered":"Statek do Serocka i prom &#8220;Dudek&#8221;"},"content":{"rendered":"\n<p>1 maja statek do Serocka\u00a0rusza w pierwszy rejs, co oznacza rozpocz\u0119cie sezonu Warszawskich Linii Turystycznych \ud83d\udc9a<\/p>\n\n\n\n<p>&#8220;Zefir&#8221; wyp\u0142ywa z przystani na \u017beraniu i Kana\u0142em \u017bera\u0144skim oraz przez Zalew Zegrzy\u0144ski dop\u0142ywa do Serocka. Trasa rejsu prowadzi fragmentem wodnego szlaku Batorego, a dodatkowo statek podp\u0142ywa pod ruiny starego mostu z 1897 r., kt\u00f3ry zosta\u0142 wysadzony w 1915 r. przez wycofuj\u0105ce si\u0119 wojska rosyjskie.<\/p>\n\n\n\n<p>Zefir zabiera na pok\u0142ad ok. 80 pasa\u017cer\u00f3w. W Serocku przewidziano czas na odpoczynek na l\u0105dzie (ok. 2 h), a nast\u0119pnie powr\u00f3t do Warszawy. Podr\u00f3\u017c rozpoczyna si\u0119 o godz. 9.00 z przystani przy Kanale \u017bera\u0144skim (przy przystanku Cementownia), o godzinie 12:30 przybija do brzegu a Serocku, aby o 14:30 wyruszy\u0107 do Warszawy, gdzie dop\u0142ywa ok. godziny 18:00.<\/p>\n\n\n\n<p>Statek do Serocka p\u0142ywa od 1 maja do 20 wrze\u015bnia &#8211; w soboty, niedziele i \u015bwi\u0119ta oraz dodatkowo w ka\u017cdy wakacyjny pi\u0105tek. Bilety na rejs mo\u017cna kupi\u0107: <a href=\"https:\/\/www.bilety24.pl\/inne\/1016-rejs-statkiem-pasazerskim-do-serocka-i-z-powrotem-66075?id=481411\" target=\"_blank\" rel=\"noreferrer noopener\">na stronie internetowej<\/a> oraz w Punkcie Obs\u0142ugi Pasa\u017cer\u00f3w Dworzec Wile\u0144ski (<a href=\"https:\/\/www.wtp.waw.pl\/warszawskie-linie-turystyczne\/statek-do-serocka\/#sprzedaz\" target=\"_blank\" rel=\"noreferrer noopener\">w wybranych terminach<\/a>).<\/p>\n\n\n\n<p>To jednak nie koniec wodnych linii turystycznych na Bia\u0142o\u0142\u0119ce. Przez Wis\u0142\u0119 mo\u017cna si\u0119\u00a0przeprawi\u0107 promem &#8220;Dudek&#8221; z przystani przy Grzymalit\u00f3w na M\u0142ociny. Uwaga! Prom &#8220;Dudek&#8221; dzia\u0142a poza systemem Warszawskich Linii Turystycznych, <a href=\"https:\/\/zzw.waw.pl\/nasze-dzialania\/dzielnica-wisla\/zegluga-pasazerska\/\" target=\"_blank\" rel=\"noreferrer noopener\">wi\u0119cej informacji na stronie Zarz\u0105du Zieleni Warszawy<\/a>.<\/p>\n\n\n\n<p>Prom kursuje w weekendy i \u015bwi\u0119ta &#8211; od 1 maja do 30 czerwca i od 1 wrze\u015bnia do 20 wrze\u015bnia oraz 4 czerwca. W wakacje, od 1 lipca do 31 sierpnia, przeprawy b\u0119d\u0105 dzia\u0142a\u0142y codziennie. Prom &#8220;Dudek&#8221; zabiera 10 pasa\u017cer\u00f3w oraz rowery, a przeprawa jest bezp\u0142atna.<\/p>\n\n\n\n<figure class=\"wp-block-image aligncenter size-full\"><a href=\"http:\/\/razemdlabialoleki.waw.pl\/wp-content\/uploads\/2026\/05\/prom_dudek_2025-1.png\"><img loading=\"lazy\" decoding=\"async\" width=\"528\" height=\"765\" src=\"http:\/\/razemdlabialoleki.waw.pl\/wp-content\/uploads\/2026\/05\/prom_dudek_2025-1.png\" alt=\"\" class=\"wp-image-23592\" srcset=\"http:\/\/razemdlabialoleki.waw.pl\/wp-content\/uploads\/2026\/05\/prom_dudek_2025-1.png 528w, http:\/\/razemdlabialoleki.waw.pl\/wp-content\/uploads\/2026\/05\/prom_dudek_2025-1-207x300.png 207w\" sizes=\"auto, (max-width: 528px) 100vw, 528px\" \/><\/a><\/figure>\n","protected":false},"excerpt":{"rendered":"<p>1 maja statek do Serocka\u00a0rusza w pierwszy rejs, co oznacza rozpocz\u0119cie sezonu Warszawskich Linii Turystycznych \ud83d\udc9a &#8220;Zefir&#8221; wyp\u0142ywa z przystani na \u017beraniu i Kana\u0142em \u017bera\u0144skim oraz przez Zalew Zegrzy\u0144ski dop\u0142ywa do Serocka. Trasa rejsu prowadzi fragmentem wodnego szlaku Batorego, a dodatkowo statek podp\u0142ywa pod ruiny starego mostu z 1897 r., kt\u00f3ry zosta\u0142 wysadzony w 1915 [&hellip;]<\/p>\n","protected":false},"author":3,"featured_media":23589,"comment_status":"closed","ping_status":"closed","sticky":false,"template":"","format":"standard","meta":{"ngg_post_thumbnail":0,"footnotes":""},"categories":[30],"tags":[],"class_list":["post-23588","post","type-post","status-publish","format-standard","has-post-thumbnail","hentry","category-komunikacja"],"_links":{"self":[{"href":"http:\/\/razemdlabialoleki.waw.pl\/index.php?rest_route=\/wp\/v2\/posts\/23588","targetHints":{"allow":["GET"]}}],"collection":[{"href":"http:\/\/razemdlabialoleki.waw.pl\/index.php?rest_route=\/wp\/v2\/posts"}],"about":[{"href":"http:\/\/razemdlabialoleki.waw.pl\/index.php?rest_route=\/wp\/v2\/types\/post"}],"author":[{"embeddable":true,"href":"http:\/\/razemdlabialoleki.waw.pl\/index.php?rest_route=\/wp\/v2\/users\/3"}],"replies":[{"embeddable":true,"href":"http:\/\/razemdlabialoleki.waw.pl\/index.php?rest_route=%2Fwp%2Fv2%2Fcomments&post=23588"}],"version-history":[{"count":3,"href":"http:\/\/razemdlabialoleki.waw.pl\/index.php?rest_route=\/wp\/v2\/posts\/23588\/revisions"}],"predecessor-version":[{"id":23594,"href":"http:\/\/razemdlabialoleki.waw.pl\/index.php?rest_route=\/wp\/v2\/posts\/23588\/revisions\/23594"}],"wp:featuredmedia":[{"embeddable":true,"href":"http:\/\/razemdlabialoleki.waw.pl\/index.php?rest_route=\/wp\/v2\/media\/23589"}],"wp:attachment":[{"href":"http:\/\/razemdlabialoleki.waw.pl\/index.php?rest_route=%2Fwp%2Fv2%2Fmedia&parent=23588"}],"wp:term":[{"taxonomy":"category","embeddable":true,"href":"http:\/\/razemdlabialoleki.waw.pl\/index.php?rest_route=%2Fwp%2Fv2%2Fcategories&post=23588"},{"taxonomy":"post_tag","embeddable":true,"href":"http:\/\/razemdlabialoleki.waw.pl\/index.php?rest_route=%2Fwp%2Fv2%2Ftags&post=23588"}],"curies":[{"name":"wp","href":"https:\/\/api.w.org\/{rel}","templated":true}]}}