{"id":2352,"date":"2017-06-01T15:33:32","date_gmt":"2017-06-01T15:33:32","guid":{"rendered":"http:\/\/razemdlabialoleki.waw.pl\/?p=2352"},"modified":"2024-01-14T14:49:43","modified_gmt":"2024-01-14T13:49:43","slug":"ul-berensona","status":"publish","type":"post","link":"http:\/\/razemdlabialoleki.waw.pl\/?p=2352","title":{"rendered":"ul. Berensona"},"content":{"rendered":"<p style=\"text-align: justify;\">&#8211; Budowa chodnika na ca\u0142ej d\u0142ugo\u015bci jest tym bardziej zasadna, gdy\u017c w\u0142a\u015bnie na tym odcinku (strona po\u0142udniowa) mie\u015bci si\u0119 Publiczna Biblioteka nr 124, zwana Zielon\u0105 Bibliotek\u0105 z kt\u00f3rej korzysta wiele dzieci z pobliskich osiedli. Mieszka\u0144cy r\u00f3wnie\u017c zwracaj\u0105 uwag\u0119 na fakt, \u017ce aby doj\u015b\u0107 do biblioteki chodnikiem na odcinku od Oknickiej do Chudoby, nale\u017cy przej\u015b\u0107 na drug\u0105 stron\u0119 jezdni gdzie istnieje w\u0105ski chodnik (strona p\u00f3\u0142nocna), a nast\u0119pnie po przej\u015bciu tym w\u0105skim chodnikiem o<span class=\"text_exposed_show\">k. 300 metr\u00f3w, zn\u00f3w przej\u015b\u0107 na drug\u0105 stron\u0119 jezdni &#8211; radna <a class=\"profileLink\" href=\"https:\/\/www.facebook.com\/profile.php?id=100007681097999&amp;fref=mentions\" data-hovercard=\"\/ajax\/hovercard\/user.php?id=100007681097999&amp;extragetparams=%7B%22fref%22%3A%22mentions%22%7D\" data-hovercard-prefer-more-content-show=\"1\">Mariola Olszewska<\/a><\/span><\/p>\n<div class=\"text_exposed_show\">\n<p style=\"text-align: justify;\">Wi\u0119cej w materiale: <a href=\"http:\/\/ibialoleka.pl\/artykul\/berensona--nowy-chodnik\/242062\" target=\"_blank\" rel=\"nofollow noopener noreferrer\">http:\/\/ibialoleka.pl\/artykul\/berensona&#8211;nowy-chodnik\/242062<\/a><\/p>\n<p style=\"text-align: justify;\">Chodnik to nie jedyny problem w rejonie. Szczeg\u00f3\u0142y w materia\u0142ach:<\/p>\n<p style=\"text-align: justify;\"><a href=\"http:\/\/ibialoleka.pl\/artykul\/zakaz-ruchu-i-po-sprawie\/241259\" target=\"_blank\" rel=\"nofollow noopener noreferrer\">http:\/\/ibialoleka.pl\/artykul\/zakaz-ruchu-i-po-sprawie\/241259<\/a><br \/>\n<a href=\"http:\/\/ibialoleka.pl\/artykul\/oknicka-czyli-piesi-na\/238009\" target=\"_blank\" rel=\"nofollow noopener noreferrer\">http:\/\/ibialoleka.pl\/artykul\/oknicka-czyli-piesi-na\/238009<\/a><\/p>\n<\/div>\n","protected":false},"excerpt":{"rendered":"<p>&#8211; Budowa chodnika na ca\u0142ej d\u0142ugo\u015bci jest tym bardziej zasadna, gdy\u017c w\u0142a\u015bnie na tym odcinku (strona po\u0142udniowa) mie\u015bci si\u0119 Publiczna Biblioteka nr 124, zwana Zielon\u0105 Bibliotek\u0105 z kt\u00f3rej korzysta wiele dzieci z pobliskich osiedli. Mieszka\u0144cy r\u00f3wnie\u017c zwracaj\u0105 uwag\u0119 na fakt, \u017ce aby doj\u015b\u0107 do biblioteki chodnikiem na odcinku od Oknickiej do Chudoby, nale\u017cy przej\u015b\u0107 na [&hellip;]<\/p>\n","protected":false},"author":2,"featured_media":2353,"comment_status":"closed","ping_status":"closed","sticky":false,"template":"","format":"standard","meta":{"ngg_post_thumbnail":0,"footnotes":""},"categories":[27],"tags":[],"class_list":["post-2352","post","type-post","status-publish","format-standard","has-post-thumbnail","hentry","category-inwestycje"],"_links":{"self":[{"href":"http:\/\/razemdlabialoleki.waw.pl\/index.php?rest_route=\/wp\/v2\/posts\/2352","targetHints":{"allow":["GET"]}}],"collection":[{"href":"http:\/\/razemdlabialoleki.waw.pl\/index.php?rest_route=\/wp\/v2\/posts"}],"about":[{"href":"http:\/\/razemdlabialoleki.waw.pl\/index.php?rest_route=\/wp\/v2\/types\/post"}],"author":[{"embeddable":true,"href":"http:\/\/razemdlabialoleki.waw.pl\/index.php?rest_route=\/wp\/v2\/users\/2"}],"replies":[{"embeddable":true,"href":"http:\/\/razemdlabialoleki.waw.pl\/index.php?rest_route=%2Fwp%2Fv2%2Fcomments&post=2352"}],"version-history":[{"count":1,"href":"http:\/\/razemdlabialoleki.waw.pl\/index.php?rest_route=\/wp\/v2\/posts\/2352\/revisions"}],"predecessor-version":[{"id":2354,"href":"http:\/\/razemdlabialoleki.waw.pl\/index.php?rest_route=\/wp\/v2\/posts\/2352\/revisions\/2354"}],"wp:featuredmedia":[{"embeddable":true,"href":"http:\/\/razemdlabialoleki.waw.pl\/index.php?rest_route=\/wp\/v2\/media\/2353"}],"wp:attachment":[{"href":"http:\/\/razemdlabialoleki.waw.pl\/index.php?rest_route=%2Fwp%2Fv2%2Fmedia&parent=2352"}],"wp:term":[{"taxonomy":"category","embeddable":true,"href":"http:\/\/razemdlabialoleki.waw.pl\/index.php?rest_route=%2Fwp%2Fv2%2Fcategories&post=2352"},{"taxonomy":"post_tag","embeddable":true,"href":"http:\/\/razemdlabialoleki.waw.pl\/index.php?rest_route=%2Fwp%2Fv2%2Ftags&post=2352"}],"curies":[{"name":"wp","href":"https:\/\/api.w.org\/{rel}","templated":true}]}}