{"id":23504,"date":"2026-03-15T10:54:06","date_gmt":"2026-03-15T09:54:06","guid":{"rendered":"https:\/\/razemdlabialoleki.waw.pl\/?p=23504"},"modified":"2026-03-17T14:49:32","modified_gmt":"2026-03-17T13:49:32","slug":"budynek-komunalny-przy-marywilskiej-z-biblioteka-i-przedszkolem","status":"publish","type":"post","link":"http:\/\/razemdlabialoleki.waw.pl\/?p=23504","title":{"rendered":"Budynek komunalny przy Marywilskiej z bibliotek\u0105 i przedszkolem"},"content":{"rendered":"\n<p>Dzielnica Bia\u0142o\u0142\u0119ka og\u0142osi\u0142a przetarg na budow\u0119 budynku komunalnego przy Marywilskiej, w kt\u00f3rym zaplanowano tak\u017ce bibliotek\u0119 i przedszkole z oddzia\u0142ami specjalnymi.<\/p>\n\n\n\n<!--more-->\n\n\n\n<p>Inwestycj\u0119&nbsp;zaprojektowano jako sk\u0142adaj\u0105c\u0105 si\u0119 z dw\u00f3ch cz\u0119\u015bci, po\u0142\u0105czonych na poziomie parteru, gdzie&nbsp;pomi\u0119dzy wysokimi cz\u0119\u015bciami zlokalizowano \u0142\u0105cz\u0105cy obszerny hall przej\u015bciowy &#8211; prowadz\u0105cy do wej\u015bcia klatki A, biblioteki, ma\u0142ego lokalu us\u0142ugowego oraz przedszkola z zapleczem gastronomicznym. <\/p>\n\n\n\n<p>W budynku zaprojektowano \u0142\u0105cznie 59 mieszka\u0144 (M1, M2, M3, M4), w tym dla os\u00f3b z niepe\u0142nosprawno\u015bciami oraz 3 lokale u\u017cytkowe (biblioteka, przedszkole, handel\/us\u0142ugi). <\/p>\n\n\n\n<p>Dodatkowo 42 miejsca parkingowe w gara\u017cu poziemnym i 4 miejsca parkingowe na terenie dzia\u0142ki, w tym 2 dla os\u00f3b z niepe\u0142nosprawno\u015bciami. Projekt zak\u0142ada tak\u017ce budow\u0119 24 stojak\u00f3w rowerowych. B\u0119d\u0105 zlokalizowane przed budynkiem.<\/p>\n\n\n\n<figure class=\"wp-block-image size-large\"><a href=\"https:\/\/razemdlabialoleki.waw.pl\/wp-content\/uploads\/2026\/03\/20001-scaled.jpg\"><img loading=\"lazy\" decoding=\"async\" width=\"1024\" height=\"643\" src=\"https:\/\/razemdlabialoleki.waw.pl\/wp-content\/uploads\/2026\/03\/20001-1024x643.jpg\" alt=\"\" class=\"wp-image-23507\" srcset=\"http:\/\/razemdlabialoleki.waw.pl\/wp-content\/uploads\/2026\/03\/20001-1024x643.jpg 1024w, http:\/\/razemdlabialoleki.waw.pl\/wp-content\/uploads\/2026\/03\/20001-300x188.jpg 300w, http:\/\/razemdlabialoleki.waw.pl\/wp-content\/uploads\/2026\/03\/20001-768x482.jpg 768w, http:\/\/razemdlabialoleki.waw.pl\/wp-content\/uploads\/2026\/03\/20001-1536x965.jpg 1536w, http:\/\/razemdlabialoleki.waw.pl\/wp-content\/uploads\/2026\/03\/20001-2048x1286.jpg 2048w\" sizes=\"auto, (max-width: 1024px) 100vw, 1024px\" \/><\/a><\/figure>\n\n\n\n<figure class=\"wp-block-image size-large\"><a href=\"https:\/\/razemdlabialoleki.waw.pl\/wp-content\/uploads\/2026\/03\/10001-scaled.jpg\"><img loading=\"lazy\" decoding=\"async\" width=\"1024\" height=\"643\" src=\"https:\/\/razemdlabialoleki.waw.pl\/wp-content\/uploads\/2026\/03\/10001-1024x643.jpg\" alt=\"\" class=\"wp-image-23506\" srcset=\"http:\/\/razemdlabialoleki.waw.pl\/wp-content\/uploads\/2026\/03\/10001-1024x643.jpg 1024w, http:\/\/razemdlabialoleki.waw.pl\/wp-content\/uploads\/2026\/03\/10001-300x188.jpg 300w, http:\/\/razemdlabialoleki.waw.pl\/wp-content\/uploads\/2026\/03\/10001-768x482.jpg 768w, http:\/\/razemdlabialoleki.waw.pl\/wp-content\/uploads\/2026\/03\/10001-1536x965.jpg 1536w, http:\/\/razemdlabialoleki.waw.pl\/wp-content\/uploads\/2026\/03\/10001-2048x1286.jpg 2048w\" sizes=\"auto, (max-width: 1024px) 100vw, 1024px\" \/><\/a><\/figure>\n\n\n\n<figure class=\"wp-block-image size-large\"><a href=\"https:\/\/razemdlabialoleki.waw.pl\/wp-content\/uploads\/2026\/03\/30001-scaled.jpg\"><img loading=\"lazy\" decoding=\"async\" width=\"1024\" height=\"643\" src=\"https:\/\/razemdlabialoleki.waw.pl\/wp-content\/uploads\/2026\/03\/30001-1024x643.jpg\" alt=\"\" class=\"wp-image-23508\" srcset=\"http:\/\/razemdlabialoleki.waw.pl\/wp-content\/uploads\/2026\/03\/30001-1024x643.jpg 1024w, http:\/\/razemdlabialoleki.waw.pl\/wp-content\/uploads\/2026\/03\/30001-300x188.jpg 300w, http:\/\/razemdlabialoleki.waw.pl\/wp-content\/uploads\/2026\/03\/30001-768x482.jpg 768w, http:\/\/razemdlabialoleki.waw.pl\/wp-content\/uploads\/2026\/03\/30001-1536x965.jpg 1536w, http:\/\/razemdlabialoleki.waw.pl\/wp-content\/uploads\/2026\/03\/30001-2048x1286.jpg 2048w\" sizes=\"auto, (max-width: 1024px) 100vw, 1024px\" \/><\/a><\/figure>\n\n\n\n<figure class=\"wp-block-image size-large\"><a href=\"http:\/\/razemdlabialoleki.waw.pl\/wp-content\/uploads\/2026\/03\/50001-scaled.jpg\"><img loading=\"lazy\" decoding=\"async\" width=\"1024\" height=\"643\" src=\"http:\/\/razemdlabialoleki.waw.pl\/wp-content\/uploads\/2026\/03\/50001-1024x643.jpg\" alt=\"\" class=\"wp-image-23510\" srcset=\"http:\/\/razemdlabialoleki.waw.pl\/wp-content\/uploads\/2026\/03\/50001-1024x643.jpg 1024w, http:\/\/razemdlabialoleki.waw.pl\/wp-content\/uploads\/2026\/03\/50001-300x188.jpg 300w, http:\/\/razemdlabialoleki.waw.pl\/wp-content\/uploads\/2026\/03\/50001-768x482.jpg 768w, http:\/\/razemdlabialoleki.waw.pl\/wp-content\/uploads\/2026\/03\/50001-1536x965.jpg 1536w, http:\/\/razemdlabialoleki.waw.pl\/wp-content\/uploads\/2026\/03\/50001-2048x1286.jpg 2048w\" sizes=\"auto, (max-width: 1024px) 100vw, 1024px\" \/><\/a><\/figure>\n\n\n\n<p>fot. Dzielnica Bia\u0142o\u0142\u0119ka<\/p>\n","protected":false},"excerpt":{"rendered":"<p>Dzielnica Bia\u0142o\u0142\u0119ka og\u0142osi\u0142a przetarg na budow\u0119 budynku komunalnego przy Marywilskiej, w kt\u00f3rym zaplanowano tak\u017ce bibliotek\u0119 i przedszkole z oddzia\u0142ami specjalnymi.<\/p>\n","protected":false},"author":3,"featured_media":23505,"comment_status":"closed","ping_status":"closed","sticky":false,"template":"","format":"standard","meta":{"ngg_post_thumbnail":0,"footnotes":""},"categories":[27],"tags":[],"class_list":["post-23504","post","type-post","status-publish","format-standard","has-post-thumbnail","hentry","category-inwestycje"],"_links":{"self":[{"href":"http:\/\/razemdlabialoleki.waw.pl\/index.php?rest_route=\/wp\/v2\/posts\/23504","targetHints":{"allow":["GET"]}}],"collection":[{"href":"http:\/\/razemdlabialoleki.waw.pl\/index.php?rest_route=\/wp\/v2\/posts"}],"about":[{"href":"http:\/\/razemdlabialoleki.waw.pl\/index.php?rest_route=\/wp\/v2\/types\/post"}],"author":[{"embeddable":true,"href":"http:\/\/razemdlabialoleki.waw.pl\/index.php?rest_route=\/wp\/v2\/users\/3"}],"replies":[{"embeddable":true,"href":"http:\/\/razemdlabialoleki.waw.pl\/index.php?rest_route=%2Fwp%2Fv2%2Fcomments&post=23504"}],"version-history":[{"count":3,"href":"http:\/\/razemdlabialoleki.waw.pl\/index.php?rest_route=\/wp\/v2\/posts\/23504\/revisions"}],"predecessor-version":[{"id":23514,"href":"http:\/\/razemdlabialoleki.waw.pl\/index.php?rest_route=\/wp\/v2\/posts\/23504\/revisions\/23514"}],"wp:featuredmedia":[{"embeddable":true,"href":"http:\/\/razemdlabialoleki.waw.pl\/index.php?rest_route=\/wp\/v2\/media\/23505"}],"wp:attachment":[{"href":"http:\/\/razemdlabialoleki.waw.pl\/index.php?rest_route=%2Fwp%2Fv2%2Fmedia&parent=23504"}],"wp:term":[{"taxonomy":"category","embeddable":true,"href":"http:\/\/razemdlabialoleki.waw.pl\/index.php?rest_route=%2Fwp%2Fv2%2Fcategories&post=23504"},{"taxonomy":"post_tag","embeddable":true,"href":"http:\/\/razemdlabialoleki.waw.pl\/index.php?rest_route=%2Fwp%2Fv2%2Ftags&post=23504"}],"curies":[{"name":"wp","href":"https:\/\/api.w.org\/{rel}","templated":true}]}}