{"id":2344,"date":"2017-05-31T15:26:06","date_gmt":"2017-05-31T15:26:06","guid":{"rendered":"http:\/\/razemdlabialoleki.waw.pl\/?p=2344"},"modified":"2024-01-14T14:49:52","modified_gmt":"2024-01-14T13:49:52","slug":"tramwaj-wzdluz-modlinskiej","status":"publish","type":"post","link":"http:\/\/razemdlabialoleki.waw.pl\/?p=2344","title":{"rendered":"Tramwaj wzd\u0142u\u017c Modli\u0144skiej"},"content":{"rendered":"<p><strong><\/p>\n<p style=\"text-align: justify;\">W dniu wczorajszym z\u0142o\u017cyli\u015bmy petycj\u0119 ws jednej z tych inwestycji, na kt\u00f3r\u0105 od wielu lat czekaj\u0105 mieszka\u0144cy czyli budowy <a class=\"profileLink\" href=\"https:\/\/www.facebook.com\/Tramwaj-wzd%C5%82u%C5%BC-Modli%C5%84skiej-1206291086063679\/?fref=mentions\" data-hovercard=\"\/ajax\/hovercard\/page.php?id=1206291086063679&amp;extragetparams=%7B%22fref%22%3A%22mentions%22%7D\" data-hovercard-prefer-more-content-show=\"1\">Tramwaj wzd\u0142u\u017c Modli\u0144skiej<\/a>. Oczekujemy jak najszybszego przygotowania i realizacji inwestycji tramwaju wzd\u0142u\u017c ul. Modli\u0144skiej na odc. od p\u0119tli \u017bera\u0144 FSO do Trasy Mostu P\u00f3\u0142nocnego.<\/strong> <\/p>\n<p>Pad\u0142y ju\u017c pewne deklaracje i wst\u0119pne terminy na spotkaniu informacyjnym: <a href=\"http:\/\/razemdlabialoleki.waw.pl\/?p=1893\" target=\"_blank\" rel=\"nofollow noopener noreferrer\">http:\/\/razemdlabialoleki.waw.pl\/?p=1893<\/a><br \/>\nOczekujemy, \u017c<span class=\"text_exposed_show\">e b\u0119d\u0105 one spe\u0142nione i o to b\u0119dziemy zabiega\u0107.<\/span><\/p>\n<div class=\"text_exposed_show\">\n<p style=\"text-align: justify;\">Poni\u017cej materia\u0142 z TKW z dnia 30 maja (od 10 minuty):<\/p>\n<p><a href=\"https:\/\/warszawa.tvp.pl\/31230040\/30052017\" target=\"_blank\" rel=\"nofollow noopener noreferrer\">https:\/\/warszawa.tvp.pl\/31230040\/30052017<\/a><\/p>\n<p><img loading=\"lazy\" decoding=\"async\" src=\"http:\/\/razemdlabialoleki.waw.pl\/wp-content\/uploads\/2017\/05\/18768278_1920528924639933_6763267838348244425_o.jpg\" alt=\"\" width=\"1206\" height=\"716\" class=\"aligncenter size-full wp-image-2347\" srcset=\"http:\/\/razemdlabialoleki.waw.pl\/wp-content\/uploads\/2017\/05\/18768278_1920528924639933_6763267838348244425_o.jpg 1206w, http:\/\/razemdlabialoleki.waw.pl\/wp-content\/uploads\/2017\/05\/18768278_1920528924639933_6763267838348244425_o-300x178.jpg 300w, http:\/\/razemdlabialoleki.waw.pl\/wp-content\/uploads\/2017\/05\/18768278_1920528924639933_6763267838348244425_o-768x456.jpg 768w, http:\/\/razemdlabialoleki.waw.pl\/wp-content\/uploads\/2017\/05\/18768278_1920528924639933_6763267838348244425_o-1024x608.jpg 1024w\" sizes=\"auto, (max-width: 1206px) 100vw, 1206px\" \/><\/p>\n<p><img loading=\"lazy\" decoding=\"async\" src=\"http:\/\/razemdlabialoleki.waw.pl\/wp-content\/uploads\/2017\/05\/18814554_1920528917973267_2926266432531607344_o.jpg\" alt=\"\" width=\"1207\" height=\"711\" class=\"aligncenter size-full wp-image-2348\" srcset=\"http:\/\/razemdlabialoleki.waw.pl\/wp-content\/uploads\/2017\/05\/18814554_1920528917973267_2926266432531607344_o.jpg 1207w, http:\/\/razemdlabialoleki.waw.pl\/wp-content\/uploads\/2017\/05\/18814554_1920528917973267_2926266432531607344_o-300x177.jpg 300w, http:\/\/razemdlabialoleki.waw.pl\/wp-content\/uploads\/2017\/05\/18814554_1920528917973267_2926266432531607344_o-768x452.jpg 768w, http:\/\/razemdlabialoleki.waw.pl\/wp-content\/uploads\/2017\/05\/18814554_1920528917973267_2926266432531607344_o-1024x603.jpg 1024w\" sizes=\"auto, (max-width: 1207px) 100vw, 1207px\" \/><\/p>\n<p><img loading=\"lazy\" decoding=\"async\" src=\"http:\/\/razemdlabialoleki.waw.pl\/wp-content\/uploads\/2017\/05\/18739050_1920528921306600_7373228440888454312_o.jpg\" alt=\"\" width=\"1209\" height=\"721\" class=\"aligncenter size-full wp-image-2349\" srcset=\"http:\/\/razemdlabialoleki.waw.pl\/wp-content\/uploads\/2017\/05\/18739050_1920528921306600_7373228440888454312_o.jpg 1209w, http:\/\/razemdlabialoleki.waw.pl\/wp-content\/uploads\/2017\/05\/18739050_1920528921306600_7373228440888454312_o-300x179.jpg 300w, http:\/\/razemdlabialoleki.waw.pl\/wp-content\/uploads\/2017\/05\/18739050_1920528921306600_7373228440888454312_o-768x458.jpg 768w, http:\/\/razemdlabialoleki.waw.pl\/wp-content\/uploads\/2017\/05\/18739050_1920528921306600_7373228440888454312_o-1024x611.jpg 1024w\" sizes=\"auto, (max-width: 1209px) 100vw, 1209px\" \/><\/p>\n<\/div>\n","protected":false},"excerpt":{"rendered":"<p>W dniu wczorajszym z\u0142o\u017cyli\u015bmy petycj\u0119 ws jednej z tych inwestycji, na kt\u00f3r\u0105 od wielu lat czekaj\u0105 mieszka\u0144cy czyli budowy Tramwaj wzd\u0142u\u017c Modli\u0144skiej. Oczekujemy jak najszybszego przygotowania i realizacji inwestycji tramwaju wzd\u0142u\u017c ul. Modli\u0144skiej na odc. od p\u0119tli \u017bera\u0144 FSO do Trasy Mostu P\u00f3\u0142nocnego. Pad\u0142y ju\u017c pewne deklaracje i wst\u0119pne terminy na spotkaniu informacyjnym: http:\/\/razemdlabialoleki.waw.pl\/?p=1893 Oczekujemy, [&hellip;]<\/p>\n","protected":false},"author":2,"featured_media":2346,"comment_status":"closed","ping_status":"closed","sticky":false,"template":"","format":"standard","meta":{"ngg_post_thumbnail":0,"footnotes":""},"categories":[30],"tags":[],"class_list":["post-2344","post","type-post","status-publish","format-standard","has-post-thumbnail","hentry","category-komunikacja"],"_links":{"self":[{"href":"http:\/\/razemdlabialoleki.waw.pl\/index.php?rest_route=\/wp\/v2\/posts\/2344","targetHints":{"allow":["GET"]}}],"collection":[{"href":"http:\/\/razemdlabialoleki.waw.pl\/index.php?rest_route=\/wp\/v2\/posts"}],"about":[{"href":"http:\/\/razemdlabialoleki.waw.pl\/index.php?rest_route=\/wp\/v2\/types\/post"}],"author":[{"embeddable":true,"href":"http:\/\/razemdlabialoleki.waw.pl\/index.php?rest_route=\/wp\/v2\/users\/2"}],"replies":[{"embeddable":true,"href":"http:\/\/razemdlabialoleki.waw.pl\/index.php?rest_route=%2Fwp%2Fv2%2Fcomments&post=2344"}],"version-history":[{"count":3,"href":"http:\/\/razemdlabialoleki.waw.pl\/index.php?rest_route=\/wp\/v2\/posts\/2344\/revisions"}],"predecessor-version":[{"id":2351,"href":"http:\/\/razemdlabialoleki.waw.pl\/index.php?rest_route=\/wp\/v2\/posts\/2344\/revisions\/2351"}],"wp:featuredmedia":[{"embeddable":true,"href":"http:\/\/razemdlabialoleki.waw.pl\/index.php?rest_route=\/wp\/v2\/media\/2346"}],"wp:attachment":[{"href":"http:\/\/razemdlabialoleki.waw.pl\/index.php?rest_route=%2Fwp%2Fv2%2Fmedia&parent=2344"}],"wp:term":[{"taxonomy":"category","embeddable":true,"href":"http:\/\/razemdlabialoleki.waw.pl\/index.php?rest_route=%2Fwp%2Fv2%2Fcategories&post=2344"},{"taxonomy":"post_tag","embeddable":true,"href":"http:\/\/razemdlabialoleki.waw.pl\/index.php?rest_route=%2Fwp%2Fv2%2Ftags&post=2344"}],"curies":[{"name":"wp","href":"https:\/\/api.w.org\/{rel}","templated":true}]}}