{"id":23052,"date":"2025-09-11T19:35:39","date_gmt":"2025-09-11T18:35:39","guid":{"rendered":"https:\/\/razemdlabialoleki.waw.pl\/?p=23052"},"modified":"2025-09-23T11:29:17","modified_gmt":"2025-09-23T10:29:17","slug":"maly-wojownik-z-wielkim-sercem-historia-mikolaja","status":"publish","type":"post","link":"http:\/\/razemdlabialoleki.waw.pl\/?p=23052","title":{"rendered":"Ma\u0142y Wojownik z wielkim sercem \u2013 historia Miko\u0142aja"},"content":{"rendered":"<p style=\"text-align: justify;\"><strong>Miko\u0142aj przyszed\u0142 na \u015bwiat znacznie wcze\u015bniej, ni\u017c ktokolwiek si\u0119 spodziewa\u0142. Urodzi\u0142 si\u0119 12 listopada 2022 roku, w 28. tygodniu ci\u0105\u017cy, wa\u017c\u0105c zaledwie 1130 gram\u00f3w. Ju\u017c od pierwszych chwil swojego \u017cycia musia\u0142 zmierzy\u0107 si\u0119 z wyzwaniami, kt\u00f3re dla wielu doros\u0142ych by\u0142yby nie do ud\u017awigni\u0119cia. Lekarze nie dawali mu du\u017cych szans, jednak Miku\u015b od samego pocz\u0105tku udowadnia\u0142, \u017ce ma w sobie ogromn\u0105 wol\u0119 walki.<\/strong><\/p>\n<p style=\"text-align: justify;\">W pierwszym miesi\u0105cu \u017cycia u Miko\u0142aja wykryto martwicze zapalenie jelit wraz z perforacj\u0105, co wymaga\u0142o pilnej operacji. Niestety, nied\u0142ugo potem konieczna by\u0142a kolejna \u2013 z powodu nast\u0119pnej perforacji. Pierwsze miesi\u0105ce swojego \u017cycia ch\u0142opiec sp\u0119dzi\u0142 na Oddziale Intensywnej Terapii, w inkubatorze, pod\u0142\u0105czony do kropl\u00f3wek i aparatury podtrzymuj\u0105cej \u017cycie. Rodzice mogli go odwiedza\u0107 jedynie dwie godziny dziennie. Pierwszy raz wzi\u0119li synka na r\u0119ce dopiero w czwartym miesi\u0105cu jego \u017cycia.<\/p>\n<p style=\"text-align: justify;\">Mimo licznych komplikacji \u2013 w tym wylew\u00f3w, problem\u00f3w z w\u0105trob\u0105, zaka\u017ce\u0144 \u2013 najtrudniejsza diagnoza dopiero nadesz\u0142a. U Miko\u0142aja stwierdzono mukowiscydoz\u0119 oraz retinopati\u0119 wcze\u015bniacz\u0105 V stopnia, kt\u00f3ra spowodowa\u0142a ca\u0142kowite odwarstwienie siatk\u00f3wki w obu oczach. To oznacza, \u017ce ch\u0142opiec nigdy nie zobaczy \u015bwiata, kt\u00f3ry tak dzielnie poznaje.<\/p>\n<p style=\"text-align: justify;\">Dzi\u015b Miko\u0142aj ma niespe\u0142na trzy lata. Cho\u0107 jego cia\u0142o nosi \u015blady wielu przebytych operacji, a rozw\u00f3j wymaga nieustannej terapii i specjalistycznego wsparcia, codziennie pokazuje, jak ogromn\u0105 ma si\u0142\u0119. Dzi\u0119ki intensywnej rehabilitacji w wieku dw\u00f3ch lat zacz\u0105\u0142 samodzielnie siada\u0107. Obecnie, z pomoc\u0105 pionizatora, walczy o swoje pierwsze kroki.<\/p>\n<p style=\"text-align: justify;\">Miko\u0142aj i jego rodzina korzystaj\u0105 z pomocy neurologopedy, fizjoterapeuty, psychologa, pedagoga i specjalist\u00f3w integracji sensorycznej. Ch\u0142opiec ucz\u0119szcza te\u017c na zaj\u0119cia wczesnego wspomagania rozwoju w O\u015brodku dla Dzieci Niewidomych w Laskach, gdzie uczy si\u0119 orientacji przestrzennej i korzysta z pomocy tyflopedagoga.<\/p>\n<p style=\"text-align: justify;\">Ka\u017cdy dzie\u0144 to nowe wyzwania, ale tak\u017ce ma\u0142e i wielkie zwyci\u0119stwa. Rodzice podkre\u015blaj\u0105, \u017ce to u\u015bmiech Miko\u0142aja i jego niegasn\u0105ca ch\u0119\u0107 poznawania \u015bwiata dodaj\u0105 im si\u0142 i wiary w to, \u017ce ich synek z czasem nadgoni r\u00f3wie\u015bnik\u00f3w.<\/p>\n<p style=\"text-align: justify;\">Historia Mikusia to opowie\u015b\u0107 o niezwyk\u0142ej odwadze, determinacji i sile mi\u0142o\u015bci. Pokazuje, \u017ce nawet najmniejszy wojownik potrafi dokonywa\u0107 wielkich rzeczy.<\/p>\n<p><a href=\"https:\/\/ptwm.org.pl\/\">Wesprzyj<\/a> Miko\u0142aja:<\/p>\n<p>Przekazuj\u0105c 1,5% <strong>KRS 0000064892<\/strong> Cel szczeg\u00f3lny: <strong>1006\/14\/23 Miko\u0142aj Wawrzonkiewicz&nbsp;<\/p>\n<p>lub wp\u0142acaj\u0105c dowoln\u0105 kwot\u0119 na rachunek Polskie Towarzystwo Walki z Mukowiscydoz\u0105 49 1020 3466 0000 9302 0002 3473 tytu\u0142em: Darowizna na rzecz Miko\u0142aja Wawrzonkiewicza<img loading=\"lazy\" decoding=\"async\" class=\"aligncenter size-full wp-image-23076\" src=\"http:\/\/razemdlabialoleki.waw.pl\/wp-content\/uploads\/2025\/09\/Mikolaj_01.png\" alt=\"\" width=\"1080\" height=\"1080\" srcset=\"http:\/\/razemdlabialoleki.waw.pl\/wp-content\/uploads\/2025\/09\/Mikolaj_01.png 1080w, http:\/\/razemdlabialoleki.waw.pl\/wp-content\/uploads\/2025\/09\/Mikolaj_01-300x300.png 300w, http:\/\/razemdlabialoleki.waw.pl\/wp-content\/uploads\/2025\/09\/Mikolaj_01-1024x1024.png 1024w, http:\/\/razemdlabialoleki.waw.pl\/wp-content\/uploads\/2025\/09\/Mikolaj_01-150x150.png 150w, http:\/\/razemdlabialoleki.waw.pl\/wp-content\/uploads\/2025\/09\/Mikolaj_01-768x768.png 768w\" sizes=\"auto, (max-width: 1080px) 100vw, 1080px\" \/><br \/>\n<\/strong><\/p>\n<p><img loading=\"lazy\" decoding=\"async\" class=\"aligncenter size-full wp-image-23053\" src=\"http:\/\/razemdlabialoleki.waw.pl\/wp-content\/uploads\/2025\/09\/Mikus-01-scaled.jpg\" alt=\"\" width=\"1920\" height=\"2560\" srcset=\"http:\/\/razemdlabialoleki.waw.pl\/wp-content\/uploads\/2025\/09\/Mikus-01-scaled.jpg 1920w, http:\/\/razemdlabialoleki.waw.pl\/wp-content\/uploads\/2025\/09\/Mikus-01-225x300.jpg 225w, http:\/\/razemdlabialoleki.waw.pl\/wp-content\/uploads\/2025\/09\/Mikus-01-768x1024.jpg 768w, http:\/\/razemdlabialoleki.waw.pl\/wp-content\/uploads\/2025\/09\/Mikus-01-1152x1536.jpg 1152w, http:\/\/razemdlabialoleki.waw.pl\/wp-content\/uploads\/2025\/09\/Mikus-01-1536x2048.jpg 1536w\" sizes=\"auto, (max-width: 1920px) 100vw, 1920px\" \/> <img loading=\"lazy\" decoding=\"async\" class=\"aligncenter size-full wp-image-23054\" src=\"http:\/\/razemdlabialoleki.waw.pl\/wp-content\/uploads\/2025\/09\/Mikus-2.jpg\" alt=\"\" width=\"1200\" height=\"1600\" srcset=\"http:\/\/razemdlabialoleki.waw.pl\/wp-content\/uploads\/2025\/09\/Mikus-2.jpg 1200w, http:\/\/razemdlabialoleki.waw.pl\/wp-content\/uploads\/2025\/09\/Mikus-2-225x300.jpg 225w, http:\/\/razemdlabialoleki.waw.pl\/wp-content\/uploads\/2025\/09\/Mikus-2-768x1024.jpg 768w, http:\/\/razemdlabialoleki.waw.pl\/wp-content\/uploads\/2025\/09\/Mikus-2-1152x1536.jpg 1152w\" sizes=\"auto, (max-width: 1200px) 100vw, 1200px\" \/> <img loading=\"lazy\" decoding=\"async\" class=\"aligncenter size-full wp-image-23055\" src=\"http:\/\/razemdlabialoleki.waw.pl\/wp-content\/uploads\/2025\/09\/Mikus-3.jpg\" alt=\"\" width=\"1600\" height=\"1066\" srcset=\"http:\/\/razemdlabialoleki.waw.pl\/wp-content\/uploads\/2025\/09\/Mikus-3.jpg 1600w, http:\/\/razemdlabialoleki.waw.pl\/wp-content\/uploads\/2025\/09\/Mikus-3-300x200.jpg 300w, http:\/\/razemdlabialoleki.waw.pl\/wp-content\/uploads\/2025\/09\/Mikus-3-1024x682.jpg 1024w, http:\/\/razemdlabialoleki.waw.pl\/wp-content\/uploads\/2025\/09\/Mikus-3-768x512.jpg 768w, http:\/\/razemdlabialoleki.waw.pl\/wp-content\/uploads\/2025\/09\/Mikus-3-1536x1023.jpg 1536w\" sizes=\"auto, (max-width: 1600px) 100vw, 1600px\" \/> <img loading=\"lazy\" decoding=\"async\" class=\"aligncenter size-full wp-image-23056\" src=\"http:\/\/razemdlabialoleki.waw.pl\/wp-content\/uploads\/2025\/09\/Mikus-4.jpg\" alt=\"\" width=\"1200\" height=\"1600\" srcset=\"http:\/\/razemdlabialoleki.waw.pl\/wp-content\/uploads\/2025\/09\/Mikus-4.jpg 1200w, http:\/\/razemdlabialoleki.waw.pl\/wp-content\/uploads\/2025\/09\/Mikus-4-225x300.jpg 225w, http:\/\/razemdlabialoleki.waw.pl\/wp-content\/uploads\/2025\/09\/Mikus-4-768x1024.jpg 768w, http:\/\/razemdlabialoleki.waw.pl\/wp-content\/uploads\/2025\/09\/Mikus-4-1152x1536.jpg 1152w\" sizes=\"auto, (max-width: 1200px) 100vw, 1200px\" \/> <img loading=\"lazy\" decoding=\"async\" class=\"aligncenter size-full wp-image-23057\" src=\"http:\/\/razemdlabialoleki.waw.pl\/wp-content\/uploads\/2025\/09\/Mikus-5-scaled.jpg\" alt=\"\" width=\"1920\" height=\"2560\" srcset=\"http:\/\/razemdlabialoleki.waw.pl\/wp-content\/uploads\/2025\/09\/Mikus-5-scaled.jpg 1920w, http:\/\/razemdlabialoleki.waw.pl\/wp-content\/uploads\/2025\/09\/Mikus-5-225x300.jpg 225w, http:\/\/razemdlabialoleki.waw.pl\/wp-content\/uploads\/2025\/09\/Mikus-5-768x1024.jpg 768w, http:\/\/razemdlabialoleki.waw.pl\/wp-content\/uploads\/2025\/09\/Mikus-5-1152x1536.jpg 1152w, http:\/\/razemdlabialoleki.waw.pl\/wp-content\/uploads\/2025\/09\/Mikus-5-1536x2048.jpg 1536w\" sizes=\"auto, (max-width: 1920px) 100vw, 1920px\" \/><\/p>\n","protected":false},"excerpt":{"rendered":"<p>Miko\u0142aj przyszed\u0142 na \u015bwiat znacznie wcze\u015bniej, ni\u017c ktokolwiek si\u0119 spodziewa\u0142. Urodzi\u0142 si\u0119 12 listopada 2022 roku, w 28. tygodniu ci\u0105\u017cy, wa\u017c\u0105c zaledwie 1130 gram\u00f3w. Ju\u017c od pierwszych chwil swojego \u017cycia musia\u0142 zmierzy\u0107 si\u0119 z wyzwaniami, kt\u00f3re dla wielu doros\u0142ych by\u0142yby nie do ud\u017awigni\u0119cia. Lekarze nie dawali mu du\u017cych szans, jednak Miku\u015b od samego pocz\u0105tku udowadnia\u0142, [&hellip;]<\/p>\n","protected":false},"author":2,"featured_media":23053,"comment_status":"closed","ping_status":"closed","sticky":false,"template":"","format":"standard","meta":{"ngg_post_thumbnail":0,"footnotes":""},"categories":[10],"tags":[15],"class_list":["post-23052","post","type-post","status-publish","format-standard","has-post-thumbnail","hentry","category-akcja-spoleczna","tag-bialoleka"],"_links":{"self":[{"href":"http:\/\/razemdlabialoleki.waw.pl\/index.php?rest_route=\/wp\/v2\/posts\/23052","targetHints":{"allow":["GET"]}}],"collection":[{"href":"http:\/\/razemdlabialoleki.waw.pl\/index.php?rest_route=\/wp\/v2\/posts"}],"about":[{"href":"http:\/\/razemdlabialoleki.waw.pl\/index.php?rest_route=\/wp\/v2\/types\/post"}],"author":[{"embeddable":true,"href":"http:\/\/razemdlabialoleki.waw.pl\/index.php?rest_route=\/wp\/v2\/users\/2"}],"replies":[{"embeddable":true,"href":"http:\/\/razemdlabialoleki.waw.pl\/index.php?rest_route=%2Fwp%2Fv2%2Fcomments&post=23052"}],"version-history":[{"count":3,"href":"http:\/\/razemdlabialoleki.waw.pl\/index.php?rest_route=\/wp\/v2\/posts\/23052\/revisions"}],"predecessor-version":[{"id":23077,"href":"http:\/\/razemdlabialoleki.waw.pl\/index.php?rest_route=\/wp\/v2\/posts\/23052\/revisions\/23077"}],"wp:featuredmedia":[{"embeddable":true,"href":"http:\/\/razemdlabialoleki.waw.pl\/index.php?rest_route=\/wp\/v2\/media\/23053"}],"wp:attachment":[{"href":"http:\/\/razemdlabialoleki.waw.pl\/index.php?rest_route=%2Fwp%2Fv2%2Fmedia&parent=23052"}],"wp:term":[{"taxonomy":"category","embeddable":true,"href":"http:\/\/razemdlabialoleki.waw.pl\/index.php?rest_route=%2Fwp%2Fv2%2Fcategories&post=23052"},{"taxonomy":"post_tag","embeddable":true,"href":"http:\/\/razemdlabialoleki.waw.pl\/index.php?rest_route=%2Fwp%2Fv2%2Ftags&post=23052"}],"curies":[{"name":"wp","href":"https:\/\/api.w.org\/{rel}","templated":true}]}}