{"id":2304,"date":"2017-05-31T10:00:59","date_gmt":"2017-05-31T10:00:59","guid":{"rendered":"http:\/\/razemdlabialoleki.waw.pl\/?p=2304"},"modified":"2024-01-14T14:50:04","modified_gmt":"2024-01-14T13:50:04","slug":"2304","status":"publish","type":"post","link":"http:\/\/razemdlabialoleki.waw.pl\/?p=2304","title":{"rendered":"Projekty stanowisk Rady Dzielnicy Bia\u0142o\u0142\u0119ka"},"content":{"rendered":"<p>Klub Radnych Razem dla Bia\u0142o\u0142\u0119ki z\u0142o\u017cy\u0142 projekty dw\u00f3ch stanowisk Rady Dzielnicy Bia\u0142o\u0142\u0119ka m. st. Warszawy w sprawie:<\/p>\n<p>&#8211; przygotowania do realizacji tramwaju wzd\u0142u\u017c Modli\u0144skiej na odc. od p\u0119tli \u017bera\u0144 FSO do Trasy Mostu P\u00f3\u0142nocnego;<\/p>\n<p>&#8211; ochrony \u015brodowiska przy ul. Zarzecze.<\/p>\n<p>Zapraszamy do zapoznania si\u0119 z ich tre\u015bci\u0105:<\/p>\n<p><img loading=\"lazy\" decoding=\"async\" src=\"http:\/\/razemdlabialoleki.waw.pl\/wp-content\/uploads\/2017\/05\/tmp_6146-tramwaj-21817469406.png\" alt=\"\" width=\"1656\" height=\"2338\" class=\"aligncenter size-full wp-image-2305\" srcset=\"http:\/\/razemdlabialoleki.waw.pl\/wp-content\/uploads\/2017\/05\/tmp_6146-tramwaj-21817469406.png 1656w, http:\/\/razemdlabialoleki.waw.pl\/wp-content\/uploads\/2017\/05\/tmp_6146-tramwaj-21817469406-212x300.png 212w, http:\/\/razemdlabialoleki.waw.pl\/wp-content\/uploads\/2017\/05\/tmp_6146-tramwaj-21817469406-768x1084.png 768w, http:\/\/razemdlabialoleki.waw.pl\/wp-content\/uploads\/2017\/05\/tmp_6146-tramwaj-21817469406-725x1024.png 725w\" sizes=\"auto, (max-width: 1656px) 100vw, 1656px\" \/><\/p>\n<p><img loading=\"lazy\" decoding=\"async\" src=\"http:\/\/razemdlabialoleki.waw.pl\/wp-content\/uploads\/2017\/05\/tmp_6146-tramwaj-3947090903.png\" alt=\"\" width=\"1656\" height=\"2338\" class=\"aligncenter size-full wp-image-2306\" srcset=\"http:\/\/razemdlabialoleki.waw.pl\/wp-content\/uploads\/2017\/05\/tmp_6146-tramwaj-3947090903.png 1656w, http:\/\/razemdlabialoleki.waw.pl\/wp-content\/uploads\/2017\/05\/tmp_6146-tramwaj-3947090903-212x300.png 212w, http:\/\/razemdlabialoleki.waw.pl\/wp-content\/uploads\/2017\/05\/tmp_6146-tramwaj-3947090903-768x1084.png 768w, http:\/\/razemdlabialoleki.waw.pl\/wp-content\/uploads\/2017\/05\/tmp_6146-tramwaj-3947090903-725x1024.png 725w\" sizes=\"auto, (max-width: 1656px) 100vw, 1656px\" \/><\/p>\n<p><img loading=\"lazy\" decoding=\"async\" src=\"http:\/\/razemdlabialoleki.waw.pl\/wp-content\/uploads\/2017\/05\/tmp_6146-zarzecze-12119328409.png\" alt=\"\" width=\"1653\" height=\"2338\" class=\"aligncenter size-full wp-image-2307\" srcset=\"http:\/\/razemdlabialoleki.waw.pl\/wp-content\/uploads\/2017\/05\/tmp_6146-zarzecze-12119328409.png 1653w, http:\/\/razemdlabialoleki.waw.pl\/wp-content\/uploads\/2017\/05\/tmp_6146-zarzecze-12119328409-212x300.png 212w, http:\/\/razemdlabialoleki.waw.pl\/wp-content\/uploads\/2017\/05\/tmp_6146-zarzecze-12119328409-768x1086.png 768w, http:\/\/razemdlabialoleki.waw.pl\/wp-content\/uploads\/2017\/05\/tmp_6146-zarzecze-12119328409-724x1024.png 724w\" sizes=\"auto, (max-width: 1653px) 100vw, 1653px\" \/><\/p>\n<p><img loading=\"lazy\" decoding=\"async\" src=\"http:\/\/razemdlabialoleki.waw.pl\/wp-content\/uploads\/2017\/05\/tmp_6146-zarzecze-2814941862.png\" alt=\"\" width=\"1653\" height=\"2338\" class=\"aligncenter size-full wp-image-2308\" srcset=\"http:\/\/razemdlabialoleki.waw.pl\/wp-content\/uploads\/2017\/05\/tmp_6146-zarzecze-2814941862.png 1653w, http:\/\/razemdlabialoleki.waw.pl\/wp-content\/uploads\/2017\/05\/tmp_6146-zarzecze-2814941862-212x300.png 212w, http:\/\/razemdlabialoleki.waw.pl\/wp-content\/uploads\/2017\/05\/tmp_6146-zarzecze-2814941862-768x1086.png 768w, http:\/\/razemdlabialoleki.waw.pl\/wp-content\/uploads\/2017\/05\/tmp_6146-zarzecze-2814941862-724x1024.png 724w\" sizes=\"auto, (max-width: 1653px) 100vw, 1653px\" \/><\/p>\n<p><img loading=\"lazy\" decoding=\"async\" src=\"http:\/\/razemdlabialoleki.waw.pl\/wp-content\/uploads\/2017\/05\/tmp_6146-zarzecze-3324717029.png\" alt=\"\" width=\"1653\" height=\"2338\" class=\"aligncenter size-full wp-image-2309\" srcset=\"http:\/\/razemdlabialoleki.waw.pl\/wp-content\/uploads\/2017\/05\/tmp_6146-zarzecze-3324717029.png 1653w, http:\/\/razemdlabialoleki.waw.pl\/wp-content\/uploads\/2017\/05\/tmp_6146-zarzecze-3324717029-212x300.png 212w, http:\/\/razemdlabialoleki.waw.pl\/wp-content\/uploads\/2017\/05\/tmp_6146-zarzecze-3324717029-768x1086.png 768w, http:\/\/razemdlabialoleki.waw.pl\/wp-content\/uploads\/2017\/05\/tmp_6146-zarzecze-3324717029-724x1024.png 724w\" sizes=\"auto, (max-width: 1653px) 100vw, 1653px\" \/><\/p>\n","protected":false},"excerpt":{"rendered":"<p>Klub Radnych Razem dla Bia\u0142o\u0142\u0119ki z\u0142o\u017cy\u0142 projekty dw\u00f3ch stanowisk Rady Dzielnicy Bia\u0142o\u0142\u0119ka m. st. Warszawy w sprawie: &#8211; przygotowania do realizacji tramwaju wzd\u0142u\u017c Modli\u0144skiej na odc. od p\u0119tli \u017bera\u0144 FSO do Trasy Mostu P\u00f3\u0142nocnego; &#8211; ochrony \u015brodowiska przy ul. Zarzecze. Zapraszamy do zapoznania si\u0119 z ich tre\u015bci\u0105:<\/p>\n","protected":false},"author":2,"featured_media":1111,"comment_status":"closed","ping_status":"closed","sticky":false,"template":"","format":"standard","meta":{"ngg_post_thumbnail":0,"footnotes":""},"categories":[26,25],"tags":[],"class_list":["post-2304","post","type-post","status-publish","format-standard","has-post-thumbnail","hentry","category-klub-radnych","category-samorzad"],"_links":{"self":[{"href":"http:\/\/razemdlabialoleki.waw.pl\/index.php?rest_route=\/wp\/v2\/posts\/2304","targetHints":{"allow":["GET"]}}],"collection":[{"href":"http:\/\/razemdlabialoleki.waw.pl\/index.php?rest_route=\/wp\/v2\/posts"}],"about":[{"href":"http:\/\/razemdlabialoleki.waw.pl\/index.php?rest_route=\/wp\/v2\/types\/post"}],"author":[{"embeddable":true,"href":"http:\/\/razemdlabialoleki.waw.pl\/index.php?rest_route=\/wp\/v2\/users\/2"}],"replies":[{"embeddable":true,"href":"http:\/\/razemdlabialoleki.waw.pl\/index.php?rest_route=%2Fwp%2Fv2%2Fcomments&post=2304"}],"version-history":[{"count":3,"href":"http:\/\/razemdlabialoleki.waw.pl\/index.php?rest_route=\/wp\/v2\/posts\/2304\/revisions"}],"predecessor-version":[{"id":2312,"href":"http:\/\/razemdlabialoleki.waw.pl\/index.php?rest_route=\/wp\/v2\/posts\/2304\/revisions\/2312"}],"wp:featuredmedia":[{"embeddable":true,"href":"http:\/\/razemdlabialoleki.waw.pl\/index.php?rest_route=\/wp\/v2\/media\/1111"}],"wp:attachment":[{"href":"http:\/\/razemdlabialoleki.waw.pl\/index.php?rest_route=%2Fwp%2Fv2%2Fmedia&parent=2304"}],"wp:term":[{"taxonomy":"category","embeddable":true,"href":"http:\/\/razemdlabialoleki.waw.pl\/index.php?rest_route=%2Fwp%2Fv2%2Fcategories&post=2304"},{"taxonomy":"post_tag","embeddable":true,"href":"http:\/\/razemdlabialoleki.waw.pl\/index.php?rest_route=%2Fwp%2Fv2%2Ftags&post=2304"}],"curies":[{"name":"wp","href":"https:\/\/api.w.org\/{rel}","templated":true}]}}