{"id":2301,"date":"2017-05-30T20:31:30","date_gmt":"2017-05-30T20:31:30","guid":{"rendered":"http:\/\/razemdlabialoleki.waw.pl\/?p=2301"},"modified":"2024-01-14T14:50:11","modified_gmt":"2024-01-14T13:50:11","slug":"program-poprawy-jakosci-drog-nieutwardzonych","status":"publish","type":"post","link":"http:\/\/razemdlabialoleki.waw.pl\/?p=2301","title":{"rendered":"Program poprawy jako\u015bci dr\u00f3g nieutwardzonych"},"content":{"rendered":"<p>&#8211; Jak si\u0119 jednak okaza\u0142o, po raz kolejny nasza dzielnica zosta\u0142a potraktowana lekcewa\u017c\u0105co. Bo utwardzenie 1300 mer\u00f3w bie\u017c\u0105cych dr\u00f3g nie mo\u017cna nazwa\u0107 powa\u017cn\u0105 propozycj\u0105. Jestem za\u017cenowana takimi decyzjami. Jest mi r\u00f3wnie\u017c przykro, \u017ce Zarz\u0105d Dzielnicy nie zrobi\u0142 nic, aby umo\u017cliwi\u0107 mieszka\u0144com udzia\u0142 w procesie zg\u0142aszania ulic do programu, a nast\u0119pnie lobbowania, chocia\u017cby organizuj\u0105c spotkanie z mieszka\u0144cami z udzia\u0142em wiceprezydent Kaznowskiej &#8211; radna <a class=\"profileLink\" href=\"https:\/\/www.facebook.com\/profile.php?id=100007681097999&amp;fref=mentions\" data-hovercard=\"\/ajax\/hovercard\/user.php?id=100007681097999&amp;extragetparams=%7B%22fref%22%3A%22mentions%22%7D\" data-hovercard-prefer-more-content-show=\"1\">Mariola Olszewska.<\/p>\n<p><\/a><\/p>\n<p>Wi\u0119cej na <a href=\"http:\/\/mieszkaniec.pl\/nadzieja-matka\/\" target=\"_blank\" rel=\"noopener\">mieszkaniec.pl<\/a><\/p>\n<p><em><br \/>\nFoto: mieszkaniec.pl<\/em><\/p>\n","protected":false},"excerpt":{"rendered":"<p>&#8211; Jak si\u0119 jednak okaza\u0142o, po raz kolejny nasza dzielnica zosta\u0142a potraktowana lekcewa\u017c\u0105co. Bo utwardzenie 1300 mer\u00f3w bie\u017c\u0105cych dr\u00f3g nie mo\u017cna nazwa\u0107 powa\u017cn\u0105 propozycj\u0105. Jestem za\u017cenowana takimi decyzjami. Jest mi r\u00f3wnie\u017c przykro, \u017ce Zarz\u0105d Dzielnicy nie zrobi\u0142 nic, aby umo\u017cliwi\u0107 mieszka\u0144com udzia\u0142 w procesie zg\u0142aszania ulic do programu, a nast\u0119pnie lobbowania, chocia\u017cby organizuj\u0105c spotkanie z [&hellip;]<\/p>\n","protected":false},"author":2,"featured_media":2302,"comment_status":"closed","ping_status":"closed","sticky":false,"template":"","format":"standard","meta":{"ngg_post_thumbnail":0,"footnotes":""},"categories":[27],"tags":[],"class_list":["post-2301","post","type-post","status-publish","format-standard","has-post-thumbnail","hentry","category-inwestycje"],"_links":{"self":[{"href":"http:\/\/razemdlabialoleki.waw.pl\/index.php?rest_route=\/wp\/v2\/posts\/2301","targetHints":{"allow":["GET"]}}],"collection":[{"href":"http:\/\/razemdlabialoleki.waw.pl\/index.php?rest_route=\/wp\/v2\/posts"}],"about":[{"href":"http:\/\/razemdlabialoleki.waw.pl\/index.php?rest_route=\/wp\/v2\/types\/post"}],"author":[{"embeddable":true,"href":"http:\/\/razemdlabialoleki.waw.pl\/index.php?rest_route=\/wp\/v2\/users\/2"}],"replies":[{"embeddable":true,"href":"http:\/\/razemdlabialoleki.waw.pl\/index.php?rest_route=%2Fwp%2Fv2%2Fcomments&post=2301"}],"version-history":[{"count":2,"href":"http:\/\/razemdlabialoleki.waw.pl\/index.php?rest_route=\/wp\/v2\/posts\/2301\/revisions"}],"predecessor-version":[{"id":20493,"href":"http:\/\/razemdlabialoleki.waw.pl\/index.php?rest_route=\/wp\/v2\/posts\/2301\/revisions\/20493"}],"wp:featuredmedia":[{"embeddable":true,"href":"http:\/\/razemdlabialoleki.waw.pl\/index.php?rest_route=\/wp\/v2\/media\/2302"}],"wp:attachment":[{"href":"http:\/\/razemdlabialoleki.waw.pl\/index.php?rest_route=%2Fwp%2Fv2%2Fmedia&parent=2301"}],"wp:term":[{"taxonomy":"category","embeddable":true,"href":"http:\/\/razemdlabialoleki.waw.pl\/index.php?rest_route=%2Fwp%2Fv2%2Fcategories&post=2301"},{"taxonomy":"post_tag","embeddable":true,"href":"http:\/\/razemdlabialoleki.waw.pl\/index.php?rest_route=%2Fwp%2Fv2%2Ftags&post=2301"}],"curies":[{"name":"wp","href":"https:\/\/api.w.org\/{rel}","templated":true}]}}