{"id":22259,"date":"2025-04-05T21:09:44","date_gmt":"2025-04-05T20:09:44","guid":{"rendered":"https:\/\/razemdlabialoleki.waw.pl\/?p=22259"},"modified":"2025-04-05T21:09:45","modified_gmt":"2025-04-05T20:09:45","slug":"ogrod-sensoryczny-centrum-zdrowia-bialoleka-przy-ul-przykoszarowej-16","status":"publish","type":"post","link":"http:\/\/razemdlabialoleki.waw.pl\/?p=22259","title":{"rendered":"Ogr\u00f3d sensoryczny &#8211; Centrum Zdrowia Bia\u0142o\u0142\u0119ka przy ul. Przykoszarowej 16"},"content":{"rendered":"<p style=\"text-align: justify;\">Dzielnica Bia\u0142o\u0142\u0119ka prowadzi zadanie inwestycyjne dotycz\u0105ce wykonania budowy <strong>ogrodu sensorycznego<\/strong> na terenie Centrum Zdrowia Bia\u0142o\u0142\u0119ka przy ul. <strong>Przykoszarowej 16<\/strong> w Warszawie.<\/p>\n<p>Zakres planowanych prac to m.in.: przygotowanie terenu pod budow\u0119, piel\u0119gnacja zdrowego drzewostanu, monta\u017c urz\u0105dze\u0144 zabawowych i sprawno\u015bciowych wraz z nawierzchniami bezpiecznymi, budowa \u015bcie\u017cki mineralnej, chodnika, wprowadzenie zieleni towarzysz\u0105cej i izolacyjnej wraz z monta\u017cem pergoli. <\/p>\n<p><img loading=\"lazy\" decoding=\"async\" class=\"aligncenter size-full wp-image-22261\" title=\"\" src=\"http:\/\/razemdlabialoleki.waw.pl\/wp-content\/uploads\/2025\/04\/pzt_Przykoszarowa-02-1-scaled.jpg\" alt=\"\" width=\"2560\" height=\"1810\" srcset=\"http:\/\/razemdlabialoleki.waw.pl\/wp-content\/uploads\/2025\/04\/pzt_Przykoszarowa-02-1-scaled.jpg 2560w, http:\/\/razemdlabialoleki.waw.pl\/wp-content\/uploads\/2025\/04\/pzt_Przykoszarowa-02-1-300x212.jpg 300w, http:\/\/razemdlabialoleki.waw.pl\/wp-content\/uploads\/2025\/04\/pzt_Przykoszarowa-02-1-1024x724.jpg 1024w, http:\/\/razemdlabialoleki.waw.pl\/wp-content\/uploads\/2025\/04\/pzt_Przykoszarowa-02-1-768x543.jpg 768w, http:\/\/razemdlabialoleki.waw.pl\/wp-content\/uploads\/2025\/04\/pzt_Przykoszarowa-02-1-1536x1086.jpg 1536w, http:\/\/razemdlabialoleki.waw.pl\/wp-content\/uploads\/2025\/04\/pzt_Przykoszarowa-02-1-2048x1448.jpg 2048w\" sizes=\"auto, (max-width: 2560px) 100vw, 2560px\" \/> <img loading=\"lazy\" decoding=\"async\" class=\"aligncenter size-full wp-image-22262\" title=\"\" src=\"http:\/\/razemdlabialoleki.waw.pl\/wp-content\/uploads\/2025\/04\/pzt_Przykoszarowa-03-1-scaled.jpg\" alt=\"\" width=\"2560\" height=\"1810\" srcset=\"http:\/\/razemdlabialoleki.waw.pl\/wp-content\/uploads\/2025\/04\/pzt_Przykoszarowa-03-1-scaled.jpg 2560w, http:\/\/razemdlabialoleki.waw.pl\/wp-content\/uploads\/2025\/04\/pzt_Przykoszarowa-03-1-300x212.jpg 300w, http:\/\/razemdlabialoleki.waw.pl\/wp-content\/uploads\/2025\/04\/pzt_Przykoszarowa-03-1-1024x724.jpg 1024w, http:\/\/razemdlabialoleki.waw.pl\/wp-content\/uploads\/2025\/04\/pzt_Przykoszarowa-03-1-768x543.jpg 768w, http:\/\/razemdlabialoleki.waw.pl\/wp-content\/uploads\/2025\/04\/pzt_Przykoszarowa-03-1-1536x1086.jpg 1536w, http:\/\/razemdlabialoleki.waw.pl\/wp-content\/uploads\/2025\/04\/pzt_Przykoszarowa-03-1-2048x1448.jpg 2048w\" sizes=\"auto, (max-width: 2560px) 100vw, 2560px\" \/><\/p>\n<p>Zam\u00f3wienie cieszy\u0142o si\u0119 ogromn\u0105 popularno\u015bci\u0105, wp\u0142yn\u0119\u0142o a\u017c 18 ofert. Najkorzystniejsz\u0105 ofert\u0119 z\u0142o\u017cy\u0142 <strong>AXIS PROJEKT<\/strong> Pawe\u0142 Koz\u0142owski, ul. \u015aw. Piotra i Paw\u0142a 30A, 05-830 Wolica.<\/p>\n<p>Wybrany wykonawca b\u0119dzie mie\u0107 170 dni od dnia podpisania umowy na realizacj\u0119 zadania: budowa ogrodu sensorycznego na terenie Centrum Zdrowia Bia\u0142o\u0142\u0119ka przy ul. Przykoszarowej 16 w Warszawie.<\/p>\n","protected":false},"excerpt":{"rendered":"<p>Dzielnica Bia\u0142o\u0142\u0119ka prowadzi zadanie inwestycyjne dotycz\u0105ce wykonania budowy ogrodu sensorycznego na terenie Centrum Zdrowia Bia\u0142o\u0142\u0119ka przy ul. Przykoszarowej 16 w Warszawie. Zakres planowanych prac to m.in.: przygotowanie terenu pod budow\u0119, piel\u0119gnacja zdrowego drzewostanu, monta\u017c urz\u0105dze\u0144 zabawowych i sprawno\u015bciowych wraz z nawierzchniami bezpiecznymi, budowa \u015bcie\u017cki mineralnej, chodnika, wprowadzenie zieleni towarzysz\u0105cej i izolacyjnej wraz z monta\u017cem pergoli. [&hellip;]<\/p>\n","protected":false},"author":2,"featured_media":22262,"comment_status":"closed","ping_status":"closed","sticky":false,"template":"","format":"standard","meta":{"ngg_post_thumbnail":0,"footnotes":""},"categories":[27,26,29,25],"tags":[149,15,235,236,234],"class_list":["post-22259","post","type-post","status-publish","format-standard","has-post-thumbnail","hentry","category-inwestycje","category-klub-radnych","category-ochrona-zdrowia","category-samorzad","tag-bialolecka","tag-bialoleka","tag-centrum-zdrowia-dziecka","tag-przychodnia","tag-przykoszarowa"],"_links":{"self":[{"href":"http:\/\/razemdlabialoleki.waw.pl\/index.php?rest_route=\/wp\/v2\/posts\/22259","targetHints":{"allow":["GET"]}}],"collection":[{"href":"http:\/\/razemdlabialoleki.waw.pl\/index.php?rest_route=\/wp\/v2\/posts"}],"about":[{"href":"http:\/\/razemdlabialoleki.waw.pl\/index.php?rest_route=\/wp\/v2\/types\/post"}],"author":[{"embeddable":true,"href":"http:\/\/razemdlabialoleki.waw.pl\/index.php?rest_route=\/wp\/v2\/users\/2"}],"replies":[{"embeddable":true,"href":"http:\/\/razemdlabialoleki.waw.pl\/index.php?rest_route=%2Fwp%2Fv2%2Fcomments&post=22259"}],"version-history":[{"count":2,"href":"http:\/\/razemdlabialoleki.waw.pl\/index.php?rest_route=\/wp\/v2\/posts\/22259\/revisions"}],"predecessor-version":[{"id":22264,"href":"http:\/\/razemdlabialoleki.waw.pl\/index.php?rest_route=\/wp\/v2\/posts\/22259\/revisions\/22264"}],"wp:featuredmedia":[{"embeddable":true,"href":"http:\/\/razemdlabialoleki.waw.pl\/index.php?rest_route=\/wp\/v2\/media\/22262"}],"wp:attachment":[{"href":"http:\/\/razemdlabialoleki.waw.pl\/index.php?rest_route=%2Fwp%2Fv2%2Fmedia&parent=22259"}],"wp:term":[{"taxonomy":"category","embeddable":true,"href":"http:\/\/razemdlabialoleki.waw.pl\/index.php?rest_route=%2Fwp%2Fv2%2Fcategories&post=22259"},{"taxonomy":"post_tag","embeddable":true,"href":"http:\/\/razemdlabialoleki.waw.pl\/index.php?rest_route=%2Fwp%2Fv2%2Ftags&post=22259"}],"curies":[{"name":"wp","href":"https:\/\/api.w.org\/{rel}","templated":true}]}}