{"id":22103,"date":"2025-01-12T16:45:20","date_gmt":"2025-01-12T15:45:20","guid":{"rendered":"https:\/\/razemdlabialoleki.waw.pl\/?p=22103"},"modified":"2025-01-12T16:45:21","modified_gmt":"2025-01-12T15:45:21","slug":"muzea-w-warszawie","status":"publish","type":"post","link":"http:\/\/razemdlabialoleki.waw.pl\/?p=22103","title":{"rendered":"Muzea w Warszawie"},"content":{"rendered":"<p style=\"text-align: justify;\">Wi\u0119kszo\u015b\u0107 warszawskich muze\u00f3w oferuje bezp\u0142atne wej\u015bci\u00f3wki, sprawd\u017acie kiedy obowi\u0105zuje do nich bezp\u0142atne wej\u015bcie:<br><br><span style=\"color: #008000;\"><strong>PONIEDZIA\u0141EK<\/strong><\/span><\/p>\n<div class=\"elementor-column elementor-col-50 elementor-inner-column elementor-element elementor-element-4656f9a9\" data-id=\"4656f9a9\" data-element_type=\"column\">\n<div class=\"elementor-widget-wrap elementor-element-populated\">\n<div class=\"elementor-element elementor-element-2f19a234 elementor-widget elementor-widget-text-editor\" data-id=\"2f19a234\" data-element_type=\"widget\" data-widget_type=\"text-editor.default\">\n<div class=\"elementor-widget-container\">\n<ul>\n<li><a href=\"https:\/\/stacjamuzeum.pl\/\">Stacja Muzeum<\/a> (9.00-17.00)<\/li>\n<li><a href=\"https:\/\/legia.com\/muzeum-legii\">Muzeum Legii Warszawa<\/a> (11.00-17.00)<\/li>\n<li><a href=\"https:\/\/www.jhi.pl\/\">\u017bydowski Instytut Historyczny<\/a> (9.00-18.00)<\/li>\n<li><a href=\"https:\/\/mezuzahmuseum.com\/\" target=\"_blank\" rel=\"noopener\">Mi Polin Mezuzah Center<\/a> (9.30-18.30)<\/li>\n<li><a href=\"https:\/\/www.pgi.gov.pl\/muzeum\/\">Muzeum Geologiczne<\/a> (9.00-17.30)<\/li>\n<\/ul>\n<p><span style=\"color: #008000;\"><strong>WTOREK<\/strong><\/span><\/p>\n<div class=\"elementor-column elementor-col-50 elementor-inner-column elementor-element elementor-element-deca42\" data-id=\"deca42\" data-element_type=\"column\">\n<div class=\"elementor-widget-wrap elementor-element-populated\">\n<div class=\"elementor-element elementor-element-19492ee5 elementor-widget elementor-widget-text-editor\" data-id=\"19492ee5\" data-element_type=\"widget\" data-widget_type=\"text-editor.default\">\n<div class=\"elementor-widget-container\">\n<ul>\n<li><a href=\"https:\/\/www.mnw.art.pl\/\">Muzeum Narodowe<\/a> (10.00-18.00)<\/li>\n<li><a href=\"https:\/\/www.mmsc.waw.pl\/\">Muzeum Marii Sk\u0142odowskiej-Curie<\/a> (12.00-18.00)<\/li>\n<li>Muzeum Legii Warszawa (11.00-17.00)<\/li>\n<li><a href=\"https:\/\/dsh.waw.pl\/\">Dom Spotka\u0144 z Histori\u0105<\/a> (10.00-20.00)<\/li>\n<li><a href=\"https:\/\/www.pgi.gov.pl\/muzeum\/\">Muzeum Geologiczne<\/a> (9.00-17.30)<\/li>\n<li><a href=\"https:\/\/nmt.waw.pl\/\">Narodowe Muzeum Techniki<\/a> (9.00-18.00)\u200b<\/li>\n<li><a href=\"https:\/\/cp.nbp.pl\/\">Centrum Pieni\u0105dza<\/a> (10.00-18.00)<\/li>\n<li><a href=\"https:\/\/muzeumkarykatury.pl\/index.php\/pl\/\">Muzeum Karykatury<\/a> (10.00-18.00)<\/li>\n<li><a href=\"https:\/\/izbapamieci.muzeumwarszawy.pl\/\">Izba Pami\u0119ci przy Cmentarzu Powsta\u0144c\u00f3w Warszawy<\/a> (9.00-16.00)<\/li>\n<li><a href=\"https:\/\/mezuzahmuseum.com\/\" target=\"_blank\" rel=\"noopener\">Mi Polin Mezuzah Center<\/a> (9.30-18.30)<\/li>\n<\/ul>\n<p><span style=\"color: #008000;\"><strong>\u015aRODA<\/strong><\/span><\/p>\n<div class=\"elementor-column elementor-col-50 elementor-inner-column elementor-element elementor-element-4661ee9d\" data-id=\"4661ee9d\" data-element_type=\"column\">\n<div class=\"elementor-widget-wrap elementor-element-populated\">\n<div class=\"elementor-element elementor-element-2ab07f75 elementor-widget elementor-widget-text-editor\" data-id=\"2ab07f75\" data-element_type=\"widget\" data-widget_type=\"text-editor.default\">\n<div class=\"elementor-widget-container\">\n<ul>\n<li><a href=\"https:\/\/www.zamek-krolewski.pl\/\">Zamek Kr\u00f3lewski<\/a> (10.00-17.00)<\/li>\n<li><a href=\"https:\/\/muzeum.nifc.pl\/pl\">Muzeum Fryderyka Chopina<\/a> (10.00-18.00)<\/li>\n<li>Muzeum Legii Warszawa (11.00-17.00)<\/li>\n<li><a href=\"https:\/\/www.muzeumkatynskie.pl\/\">Muzeum Katy\u0144skie<\/a> (10.00-16.00)<\/li>\n<li><a href=\"https:\/\/dsh.waw.pl\/\" target=\"_blank\" rel=\"noopener\">Dom Spotka\u0144 z Histori\u0105<\/a> (10.00-20.00)<\/li>\n<li><a href=\"https:\/\/www.pgi.gov.pl\/muzeum\/\" target=\"_blank\" rel=\"noopener\">Muzeum Geologiczne<\/a> (9.00-17.30)<\/li>\n<li><a href=\"https:\/\/cp.nbp.pl\/\" target=\"_blank\" rel=\"noopener\">Centrum Pieni\u0105dza<\/a> (10.00-18.00)<\/li>\n<li><a href=\"https:\/\/izbapamieci.muzeumwarszawy.pl\/\" target=\"_blank\" rel=\"noopener\">Izba Pami\u0119ci przy Cmentarzu Powsta\u0144c\u00f3w Warszawy<\/a> (9.00-16.00)<\/li>\n<li><a href=\"https:\/\/mezuzahmuseum.com\/\" target=\"_blank\" rel=\"noopener\">Mi Polin Mezuzah Center<\/a> (9.30-18.30)<\/li>\n<\/ul>\n<\/div>\n<\/div>\n<\/div>\n<\/div>\n<p><strong><span style=\"color: #008000;\">CZWARTEK<\/span><\/strong><\/p>\n<div class=\"elementor-column elementor-col-50 elementor-inner-column elementor-element elementor-element-3f6e1c49\" data-id=\"3f6e1c49\" data-element_type=\"column\">\n<div class=\"elementor-widget-wrap elementor-element-populated\">\n<div class=\"elementor-element elementor-element-599d2a34 elementor-widget elementor-widget-text-editor\" data-id=\"599d2a34\" data-element_type=\"widget\" data-widget_type=\"text-editor.default\">\n<div class=\"elementor-widget-container\">\n<ul>\n<li><a href=\"https:\/\/wilanow-palac.pl\/\" target=\"_blank\" rel=\"noopener\">Muzeum Pa\u0142acu Kr\u00f3la Jana III w Wilanowie<\/a> (Muzeum zamkni\u0119te do 28 stycznia 2025)<\/li>\n<li><a href=\"https:\/\/www.1944.pl\/\" target=\"_blank\" rel=\"noopener\">Muzeum Powstania Warszawskiego<\/a> (8.00-18.00)<\/li>\n<li><a href=\"https:\/\/www.polin.pl\/pl\" target=\"_blank\" rel=\"noopener\">Muzeum Historii \u017byd\u00f3w Polskich POLIN<\/a> (10.00-18.00)<\/li>\n<li><a href=\"https:\/\/muzeumwarszawy.pl\/\" target=\"_blank\" rel=\"noopener\">Muzeum Warszawy<\/a> (9.00-19.00)<\/li>\n<li><a href=\"https:\/\/ciz.muzeumwarszawy.pl\/\" target=\"_blank\" rel=\"noopener\">Centrum Interpretacji Zabytku<\/a> (9.00-18.00)<\/li>\n<li><a href=\"https:\/\/muzeumpragi.pl\/\" target=\"_blank\" rel=\"noopener\">Muzeum Warszawskiej Pragi<\/a> (11.00-20.00)<\/li>\n<li><a href=\"https:\/\/u-jazdowski.pl\/\" target=\"_blank\" rel=\"noopener\">Centrum Sztuki Wsp\u00f3\u0142czesnej Zamek Ujazdowski<\/a> (11.00-20.00)<\/li>\n<li><a href=\"https:\/\/ethnomuseum.pl\/\" target=\"_blank\" rel=\"noopener\">Pa\u0144stwowe Muzeum Etnograficzne<\/a> (11.00-17.00)<\/li>\n<li><a href=\"https:\/\/xpawilon.muzn.pl\/pl\/\" target=\"_blank\" rel=\"noopener\">Muzeum X Pawilonu Cytadeli Warszawskiej<\/a> (9.00-16.00)<\/li>\n<li><a href=\"https:\/\/zacheta.art.pl\/pl\" target=\"_blank\" rel=\"noopener\">Zach\u0119ta Narodowa Galeria Sztuki<\/a> (12.00-20.00)<\/li>\n<li><a href=\"https:\/\/legia.com\/muzeum-legii\" target=\"_blank\" rel=\"noopener\">Muzeum Legii Warszawa <\/a>(11.00-17.00)<\/li>\n<li><a href=\"https:\/\/www.muzeumkatynskie.pl\/\">Muzeum Katy\u0144skie<\/a> (10.00-16.00)<\/li>\n<li><a href=\"https:\/\/mt514.pl\/\" target=\"_blank\" rel=\"noopener\">Muzeum Jana Paw\u0142a II i Prymasa Wyszy\u0144skiego <\/a>(10.00-17.00)<\/li>\n<li><a href=\"https:\/\/dsh.waw.pl\/\" target=\"_blank\" rel=\"noopener\">Dom Spotka\u0144 z Histori\u0105<\/a> (10.00-20.00)<\/li>\n<li><a href=\"https:\/\/mezuzahmuseum.com\/\" target=\"_blank\" rel=\"noopener\">Mi Polin Mezuzah Center<\/a> (9.30-18.30)<\/li>\n<li><a href=\"https:\/\/www.pgi.gov.pl\/muzeum\/\" target=\"_blank\" rel=\"noopener\">Muzeum Geologiczne<\/a> (9.00-17.30)<\/li>\n<li><a href=\"https:\/\/www.muzeumazji.pl\/\" target=\"_blank\" rel=\"noopener\">Muzeum Azji i Pacyfiku<\/a> (10.00-18.00)<\/li>\n<li><a href=\"https:\/\/muzeumfarmacji.muzeumwarszawy.pl\/\" target=\"_blank\" rel=\"noopener\">Muzeum Farmacji<\/a> (10.00-18.00)<\/li>\n<li><a href=\"https:\/\/www.facebook.com\/MuzeumPTW\/?locale=pl_PL\" target=\"_blank\" rel=\"noopener\">Muzeum Polskiej Techniki Wojskowej<\/a> (10.00-16.00)<\/li>\n<li><a href=\"https:\/\/pawiak.muzn.pl\/pl\/\" target=\"_blank\" rel=\"noopener\">Muzeum Wi\u0119zienia Pawiak<\/a> (10.00-17.00)<\/li>\n<li><a href=\"https:\/\/muzn.pl\/pl\/\" target=\"_blank\" rel=\"noopener\">Muzeum Niepodleg\u0142o\u015bci<\/a> (10.00-17.00)<\/li>\n<li><a href=\"https:\/\/mauzoleum-szucha.muzn.pl\/pl\/\" target=\"_blank\" rel=\"noopener\">Mauzoleum Walki i M\u0119cze\u0144stwa<\/a> (10.00-17.00)<\/li>\n<li><a href=\"https:\/\/muzeumdrukarstwa.muzeumwarszawy.pl\/\" target=\"_blank\" rel=\"noopener\">Muzeum Drukarstwa<\/a> (9.00-17.00)<\/li>\n<li><a href=\"https:\/\/muzeumwoli.muzeumwarszawy.pl\/\" target=\"_blank\" rel=\"noopener\">Muzeum Woli<\/a> (11.00-20.00)<\/li>\n<li><a href=\"https:\/\/fotoplastikonwarszawski.pl\/\" target=\"_blank\" rel=\"noopener\">Fotoplastikon Warszawski<\/a> (10.00-18.00)<\/li>\n<li><a href=\"https:\/\/izbapamieci.muzeumwarszawy.pl\/\" target=\"_blank\" rel=\"noopener\">Izba Pami\u0119ci przy Cmentarzu Powsta\u0144c\u00f3w Warszawy<\/a> (9.00-16.00)<\/li>\n<li><a href=\"https:\/\/muzeumwp.pl\/\" target=\"_blank\" rel=\"noopener\">Muzeum Wojska Polskiego<\/a> (10.00-16.00) do 30 czerwca 2025 roku wystawa w Muzeum Wojska Polskiego b\u0119dzie zamkni\u0119ta dla zwiedzaj\u0105cych.<\/li>\n<\/ul>\n<p><span style=\"color: #008000;\"><strong>PI\u0104TEK<\/strong><\/span><\/p>\n<div class=\"elementor-column elementor-col-50 elementor-inner-column elementor-element elementor-element-33dfe74\" data-id=\"33dfe74\" data-element_type=\"column\">\n<div class=\"elementor-widget-wrap elementor-element-populated\">\n<div class=\"elementor-element elementor-element-87a51dc elementor-widget elementor-widget-text-editor\" data-id=\"87a51dc\" data-element_type=\"widget\" data-widget_type=\"text-editor.default\">\n<div class=\"elementor-widget-container\">\n<ul>\n<li><a href=\"https:\/\/muzhp.pl\/\" target=\"_blank\" rel=\"noopener\">Muzeum Historii Polski<\/a> (10.00-18.00)<\/li>\n<li><a href=\"https:\/\/www.lazienki-krolewskie.pl\/pl\" target=\"_blank\" rel=\"noopener\">Muzeum \u0141azienki Kr\u00f3lewskie<\/a> (10.00-18.00)<\/li>\n<li><a href=\"https:\/\/muzeum.pgnig.pl\/\" target=\"_blank\" rel=\"noopener\">Muzeum Gazowni Warszawskiej <\/a>(10.00-18.00)<\/li>\n<li><a href=\"https:\/\/legia.com\/muzeum-legii\" target=\"_blank\" rel=\"noopener\">Muzeum Legii Warszawa<\/a> (11.00-17.00)<\/li>\n<li><a href=\"https:\/\/www.muzeumkatynskie.pl\/\" target=\"_blank\" rel=\"noopener\">Muzeum Katy\u0144skie<\/a> (10.00-16.00)<\/li>\n<li><a href=\"https:\/\/dsh.waw.pl\/\" target=\"_blank\" rel=\"noopener\">Dom Spotka\u0144 z Histori\u0105<\/a> (10.00-20.00)<\/li>\n<li><a href=\"https:\/\/www.pgi.gov.pl\/muzeum\/\" target=\"_blank\" rel=\"noopener\">Muzeum Geologiczne<\/a> (9.00-17.30)<\/li>\n<li><a href=\"https:\/\/cp.nbp.pl\/\" target=\"_blank\" rel=\"noopener\">Centrum Pieni\u0105dza<\/a> (10.00-18.00)<\/li>\n<li><a href=\"https:\/\/izbapamieci.muzeumwarszawy.pl\/\" target=\"_blank\" rel=\"noopener\">Izba Pami\u0119ci przy Cmentarzu Powsta\u0144c\u00f3w Warszawy<\/a> (9.00-16.00)<\/li>\n<li><a href=\"https:\/\/mezuzahmuseum.com\/\" target=\"_blank\" rel=\"noopener\">Mi Polin Mezuzah Center<\/a> (9.30-18.30)<\/li>\n<\/ul>\n<\/div>\n<\/div>\n<\/div>\n<\/div>\n<p><span style=\"color: #008000;\"><strong>SOBOTA<\/strong><\/span><\/p>\n<div class=\"elementor-column elementor-col-50 elementor-inner-column elementor-element elementor-element-4979321\" data-id=\"4979321\" data-element_type=\"column\">\n<div class=\"elementor-widget-wrap elementor-element-populated\">\n<div class=\"elementor-element elementor-element-01fc1d5 elementor-widget elementor-widget-text-editor\" data-id=\"01fc1d5\" data-element_type=\"widget\" data-widget_type=\"text-editor.default\">\n<div class=\"elementor-widget-container\">\n<ul>\n<li><a href=\"https:\/\/www.muzeumsportu.waw.pl\/\" target=\"_blank\" rel=\"noopener\">Muzeum Sportu i Turystyki <\/a>(10.00-17.00)<\/li>\n<li><a href=\"https:\/\/www.muzeumkatynskie.pl\/\" target=\"_blank\" rel=\"noopener\">Muzeum Katy\u0144skie<\/a> (10.00-16.00)<\/li>\n<li><a href=\"https:\/\/dsh.waw.pl\/\" target=\"_blank\" rel=\"noopener\">Dom Spotka\u0144 z Histori\u0105<\/a> (12.00-20.00)<\/li>\n<li><a href=\"https:\/\/cp.nbp.pl\/\" target=\"_blank\" rel=\"noopener\">Centrum Pieni\u0105dza<\/a> (10.00-18.00)<\/li>\n<li><a href=\"https:\/\/izbapamieci.muzeumwarszawy.pl\/\" target=\"_blank\" rel=\"noopener\">Izba Pami\u0119ci przy Cmentarzu Powsta\u0144c\u00f3w Warszawy<\/a> (9.00-16.00)<\/li>\n<\/ul>\n<\/div>\n<\/div>\n<\/div>\n<\/div>\n<\/div>\n<p><span style=\"color: #008000;\"><strong>NIEDZIELA<\/strong><\/span><\/p>\n<ul>\n<li><a href=\"https:\/\/go2warsaw.pl\/muzeum-geologiczne\/\">Muzeum Geologiczne<\/a> (10.00-15.00)<\/li>\n<li><a href=\"https:\/\/www.muzeumkatynskie.pl\/\" target=\"_blank\" rel=\"noopener\">Muzeum Katy\u0144skie<\/a> (10.00-16.00)<\/li>\n<li><a href=\"https:\/\/dsh.waw.pl\/\" target=\"_blank\" rel=\"noopener\">Dom Spotka\u0144 z Histori\u0105<\/a> (12.00-20.00)<\/li>\n<li><a href=\"https:\/\/muzeumliteratury.pl\/\" target=\"_blank\" rel=\"noopener\">Muzeum Literatury<\/a> (11.00-18.00)<\/li>\n<li><a href=\"https:\/\/cp.nbp.pl\/\" target=\"_blank\" rel=\"noopener\">Centrum Pieni\u0105dza<\/a> (10.00-18.00)<\/li>\n<li><a href=\"https:\/\/izbapamieci.muzeumwarszawy.pl\/\" target=\"_blank\" rel=\"noopener\">Izba Pami\u0119ci przy Cmentarzu Powsta\u0144c\u00f3w Warszawy<\/a> (9.00-16.00)<\/li>\n<li><a href=\"https:\/\/mezuzahmuseum.com\/\" target=\"_blank\" rel=\"noopener\">Mi Polin Mezuzah Center<\/a> (11.30-15.00)<\/li>\n<\/ul>\n<p><br>Przed planowan\u0105 wizyt\u0105 w muzeum sprawd\u017a godziny otwarcia na stronie obiektu.<\/p>\n<div class=\"elementor-widget-container\">\n<p>&nbsp;<\/p>\n<\/div>\n<\/div>\n<\/div>\n<\/div>\n<\/div>\n<\/div>\n<\/div>\n<\/div>\n<\/div>\n<\/div>\n<\/div>\n<\/div>\n\n\n<p><\/p>\n","protected":false},"excerpt":{"rendered":"<p>Wi\u0119kszo\u015b\u0107 warszawskich muze\u00f3w oferuje bezp\u0142atne wej\u015bci\u00f3wki, sprawd\u017acie kiedy obowi\u0105zuje do nich bezp\u0142atne wej\u015bcie: PONIEDZIA\u0141EK Stacja Muzeum (9.00-17.00) Muzeum Legii Warszawa (11.00-17.00) \u017bydowski Instytut Historyczny (9.00-18.00) Mi Polin Mezuzah Center (9.30-18.30) Muzeum Geologiczne (9.00-17.30) WTOREK Muzeum Narodowe (10.00-18.00) Muzeum Marii Sk\u0142odowskiej-Curie (12.00-18.00) Muzeum Legii Warszawa (11.00-17.00) Dom Spotka\u0144 z Histori\u0105 (10.00-20.00) Muzeum Geologiczne (9.00-17.30) Narodowe Muzeum [&hellip;]<\/p>\n","protected":false},"author":2,"featured_media":22104,"comment_status":"closed","ping_status":"closed","sticky":false,"template":"","format":"standard","meta":{"ngg_post_thumbnail":0,"footnotes":""},"categories":[69,24,53],"tags":[],"class_list":["post-22103","post","type-post","status-publish","format-standard","has-post-thumbnail","hentry","category-historia","category-oswiata","category-zabytki"],"_links":{"self":[{"href":"http:\/\/razemdlabialoleki.waw.pl\/index.php?rest_route=\/wp\/v2\/posts\/22103","targetHints":{"allow":["GET"]}}],"collection":[{"href":"http:\/\/razemdlabialoleki.waw.pl\/index.php?rest_route=\/wp\/v2\/posts"}],"about":[{"href":"http:\/\/razemdlabialoleki.waw.pl\/index.php?rest_route=\/wp\/v2\/types\/post"}],"author":[{"embeddable":true,"href":"http:\/\/razemdlabialoleki.waw.pl\/index.php?rest_route=\/wp\/v2\/users\/2"}],"replies":[{"embeddable":true,"href":"http:\/\/razemdlabialoleki.waw.pl\/index.php?rest_route=%2Fwp%2Fv2%2Fcomments&post=22103"}],"version-history":[{"count":7,"href":"http:\/\/razemdlabialoleki.waw.pl\/index.php?rest_route=\/wp\/v2\/posts\/22103\/revisions"}],"predecessor-version":[{"id":22111,"href":"http:\/\/razemdlabialoleki.waw.pl\/index.php?rest_route=\/wp\/v2\/posts\/22103\/revisions\/22111"}],"wp:featuredmedia":[{"embeddable":true,"href":"http:\/\/razemdlabialoleki.waw.pl\/index.php?rest_route=\/wp\/v2\/media\/22104"}],"wp:attachment":[{"href":"http:\/\/razemdlabialoleki.waw.pl\/index.php?rest_route=%2Fwp%2Fv2%2Fmedia&parent=22103"}],"wp:term":[{"taxonomy":"category","embeddable":true,"href":"http:\/\/razemdlabialoleki.waw.pl\/index.php?rest_route=%2Fwp%2Fv2%2Fcategories&post=22103"},{"taxonomy":"post_tag","embeddable":true,"href":"http:\/\/razemdlabialoleki.waw.pl\/index.php?rest_route=%2Fwp%2Fv2%2Ftags&post=22103"}],"curies":[{"name":"wp","href":"https:\/\/api.w.org\/{rel}","templated":true}]}}