{"id":21904,"date":"2024-11-08T21:02:35","date_gmt":"2024-11-08T20:02:35","guid":{"rendered":"http:\/\/razemdlabialoleki.waw.pl\/?p=21904"},"modified":"2024-11-16T22:18:48","modified_gmt":"2024-11-16T21:18:48","slug":"wigilijna-pomoc-sasiedzka-21-11-06-12","status":"publish","type":"post","link":"http:\/\/razemdlabialoleki.waw.pl\/?p=21904","title":{"rendered":"Wigilijna Pomoc S\u0105siedzka [21.11-06.12]"},"content":{"rendered":"<p style=\"text-align: justify;\">Wielkimi krokami zbli\u017caj\u0105 si\u0119 \u015awi\u0119ta Bo\u017cego Narodzenia. To szczeg\u00f3lny czas rodzinnych spotka\u0144 i wsp\u00f3lnego odpoczynku.<\/p>\n<p style=\"text-align: justify;\">Jednak nie wszyscy maj\u0105 takie szcz\u0119\u015bcie. Obok nas s\u0105 dzieci sp\u0119dzaj\u0105ce te wyj\u0105tkowe chwile w Domach Dziecka, osoby potrzebuj\u0105ce wsparcia. Chcieliby\u015bmy, aby dzi\u0119ki naszemu przedsi\u0119wzi\u0119ciu cho\u0107 na chwil\u0119 pojawi\u0142 si\u0119 u\u015bmiech na twarzach ma\u0142ych i du\u017cych, aby rado\u015b\u0107 zago\u015bci\u0142a w ich sercach.<img loading=\"lazy\" decoding=\"async\" class=\"aligncenter size-full wp-image-21915\" src=\"http:\/\/razemdlabialoleki.waw.pl\/wp-content\/uploads\/2024\/11\/B149121-Enhanced-NR-scaled.jpg\" alt=\"\" width=\"2560\" height=\"1706\" srcset=\"http:\/\/razemdlabialoleki.waw.pl\/wp-content\/uploads\/2024\/11\/B149121-Enhanced-NR-scaled.jpg 2560w, http:\/\/razemdlabialoleki.waw.pl\/wp-content\/uploads\/2024\/11\/B149121-Enhanced-NR-300x200.jpg 300w, http:\/\/razemdlabialoleki.waw.pl\/wp-content\/uploads\/2024\/11\/B149121-Enhanced-NR-1024x683.jpg 1024w, http:\/\/razemdlabialoleki.waw.pl\/wp-content\/uploads\/2024\/11\/B149121-Enhanced-NR-768x512.jpg 768w, http:\/\/razemdlabialoleki.waw.pl\/wp-content\/uploads\/2024\/11\/B149121-Enhanced-NR-1536x1024.jpg 1536w, http:\/\/razemdlabialoleki.waw.pl\/wp-content\/uploads\/2024\/11\/B149121-Enhanced-NR-2048x1365.jpg 2048w\" sizes=\"auto, (max-width: 2560px) 100vw, 2560px\" \/><\/p>\n<p style=\"text-align: justify;\"><strong>Fot. Oskar Cie\u015bli\u0144ski<\/strong><\/p>\n<p>Od 21 listopada do 6 grudnia na terenie Bia\u0142o\u0142\u0119ki po raz kolejny b\u0119dzie realizowany projekt charytatywny Wigilijna Pomoc S\u0105siedzka. To kwesta zorganizowana przez Stowarzyszenie Razem dla Bia\u0142o\u0142\u0119ki oraz Spo\u0142eczno\u015b\u0107 Chrze\u015bcija\u0144sk\u0105 P\u00f3\u0142noc, kt\u00f3ra odbywa si\u0119 w wyznaczonych sklepach.<\/p>\n<p style=\"text-align: justify;\">Zapraszamy do zaanga\u017cowania si\u0119 w s\u0105siedzk\u0105 pomoc: Mieszka\u0144cy \u2013 mieszka\u0144com. Zakupione produkty przeka\u017cemy osobom potrzebuj\u0105cym z Bia\u0142o\u0142\u0119ki.<img loading=\"lazy\" decoding=\"async\" class=\"aligncenter size-full wp-image-21905\" src=\"http:\/\/razemdlabialoleki.waw.pl\/wp-content\/uploads\/2024\/11\/wps_2024_1000x600px.png\" alt=\"\" width=\"1000\" height=\"600\" srcset=\"http:\/\/razemdlabialoleki.waw.pl\/wp-content\/uploads\/2024\/11\/wps_2024_1000x600px.png 1000w, http:\/\/razemdlabialoleki.waw.pl\/wp-content\/uploads\/2024\/11\/wps_2024_1000x600px-300x180.png 300w, http:\/\/razemdlabialoleki.waw.pl\/wp-content\/uploads\/2024\/11\/wps_2024_1000x600px-768x461.png 768w\" sizes=\"auto, (max-width: 1000px) 100vw, 1000px\" \/><\/p>\n<p style=\"text-align: justify;\"><strong>Jak mo\u017cna w\u0142\u0105czy\u0107 si\u0119 w akcj\u0119?<\/strong><br \/>\nKa\u017cdy z nas mo\u017ce zaanga\u017cowa\u0107 si\u0119 w t\u0119 s\u0105siedzk\u0105 pomoc. Wystarczy w wyznaczonych sklepach, w trakcie zaplanowanych zbi\u00f3rek, kupi\u0107 cho\u0107by jeden produkt i w\u0142o\u017cy\u0107 go do oznakowanych koszy. Szczeg\u00f3\u0142owa lista miejsc zbi\u00f3rek b\u0119dzie dost\u0119pna na stronie: <a href=\"_wp_link_placeholder\" data-wplink-edit=\"true\">www.fb.com\/WigilijnaPomocSasiedzka<\/a><\/p>\n<p style=\"text-align: justify;\"><strong>Jakie produkty mo\u017cemy ofiarowa\u0107?<\/strong><br \/>\nArtyku\u0142y spo\u017cywcze o przed\u0142u\u017conej dacie wa\u017cno\u015bci (konserwy, kakao, herbata, s\u0142odycze, kasze, mleko) i artyku\u0142y dla dzieci (myd\u0142o, oliwka, pasta, szczoteczka do z\u0119b\u00f3w, pampersy, artyku\u0142y szkolne, gry i zabawki) oraz artyku\u0142y chemiczne i \u015brodki czysto\u015bci. Zach\u0119camy r\u00f3wnie\u017c szko\u0142y i przedszkola do w\u0142\u0105czenia si\u0119 w t\u0119 akcj\u0119. Zainteresowane plac\u00f3wki prosimy o kontakt.<\/p>\n<p style=\"text-align: justify;\">Liczymy na Pa\u0144stwa zrozumienie, empati\u0119 i hojne wsparcie. Razem zadbajmy by ten \u015bwi\u0105teczny czas by\u0142 mi\u0142y i niezapomniany przez ka\u017cdego.<\/p>\n<p style=\"text-align: justify;\">Z ramienia Stowarzyszenia Razem dla Bia\u0142o\u0142\u0119ki projekt koordynuj\u0105: Marta Go\u0142aszewska i Kamil Chmielewski oraz Konrad Krajewski z ramienia Spo\u0142eczno\u015bci Chrze\u015bcija\u0144skiej P\u00f3\u0142noc.<\/p>\n<p style=\"text-align: justify;\">Partnerem naszej akcji jest Smurfit Kappa. Za co serdecznie dzi\u0119kujemy.<\/p>\n<p><img loading=\"lazy\" decoding=\"async\" class=\"aligncenter size-full wp-image-21906\" src=\"http:\/\/razemdlabialoleki.waw.pl\/wp-content\/uploads\/2024\/11\/ulotka_A6_przod_wps_2024.png\" alt=\"\" width=\"500\" height=\"697\" srcset=\"http:\/\/razemdlabialoleki.waw.pl\/wp-content\/uploads\/2024\/11\/ulotka_A6_przod_wps_2024.png 500w, http:\/\/razemdlabialoleki.waw.pl\/wp-content\/uploads\/2024\/11\/ulotka_A6_przod_wps_2024-215x300.png 215w\" sizes=\"auto, (max-width: 500px) 100vw, 500px\" \/> <img loading=\"lazy\" decoding=\"async\" class=\"aligncenter size-full wp-image-21907\" src=\"http:\/\/razemdlabialoleki.waw.pl\/wp-content\/uploads\/2024\/11\/ulotka_A6_tyl_wps_2024.png\" alt=\"\" width=\"600\" height=\"837\" srcset=\"http:\/\/razemdlabialoleki.waw.pl\/wp-content\/uploads\/2024\/11\/ulotka_A6_tyl_wps_2024.png 600w, http:\/\/razemdlabialoleki.waw.pl\/wp-content\/uploads\/2024\/11\/ulotka_A6_tyl_wps_2024-215x300.png 215w\" sizes=\"auto, (max-width: 600px) 100vw, 600px\" \/><\/p>\n","protected":false},"excerpt":{"rendered":"<p>Wielkimi krokami zbli\u017caj\u0105 si\u0119 \u015awi\u0119ta Bo\u017cego Narodzenia. To szczeg\u00f3lny czas rodzinnych spotka\u0144 i wsp\u00f3lnego odpoczynku. Jednak nie wszyscy maj\u0105 takie szcz\u0119\u015bcie. Obok nas s\u0105 dzieci sp\u0119dzaj\u0105ce te wyj\u0105tkowe chwile w Domach Dziecka, osoby potrzebuj\u0105ce wsparcia. Chcieliby\u015bmy, aby dzi\u0119ki naszemu przedsi\u0119wzi\u0119ciu cho\u0107 na chwil\u0119 pojawi\u0142 si\u0119 u\u015bmiech na twarzach ma\u0142ych i du\u017cych, aby rado\u015b\u0107 zago\u015bci\u0142a w [&hellip;]<\/p>\n","protected":false},"author":2,"featured_media":21915,"comment_status":"closed","ping_status":"closed","sticky":false,"template":"","format":"standard","meta":{"ngg_post_thumbnail":0,"footnotes":""},"categories":[10],"tags":[207,15,203,205,206,20],"class_list":["post-21904","post","type-post","status-publish","format-standard","has-post-thumbnail","hentry","category-akcja-spoleczna","tag-bialoleka-2","tag-bialoleka","tag-dom-dziecka-bialoleka","tag-dom-dziecka-klasykow","tag-dom-dziecka-waluszewska","tag-razem-dla-bialoleki"],"_links":{"self":[{"href":"http:\/\/razemdlabialoleki.waw.pl\/index.php?rest_route=\/wp\/v2\/posts\/21904","targetHints":{"allow":["GET"]}}],"collection":[{"href":"http:\/\/razemdlabialoleki.waw.pl\/index.php?rest_route=\/wp\/v2\/posts"}],"about":[{"href":"http:\/\/razemdlabialoleki.waw.pl\/index.php?rest_route=\/wp\/v2\/types\/post"}],"author":[{"embeddable":true,"href":"http:\/\/razemdlabialoleki.waw.pl\/index.php?rest_route=\/wp\/v2\/users\/2"}],"replies":[{"embeddable":true,"href":"http:\/\/razemdlabialoleki.waw.pl\/index.php?rest_route=%2Fwp%2Fv2%2Fcomments&post=21904"}],"version-history":[{"count":3,"href":"http:\/\/razemdlabialoleki.waw.pl\/index.php?rest_route=\/wp\/v2\/posts\/21904\/revisions"}],"predecessor-version":[{"id":21917,"href":"http:\/\/razemdlabialoleki.waw.pl\/index.php?rest_route=\/wp\/v2\/posts\/21904\/revisions\/21917"}],"wp:featuredmedia":[{"embeddable":true,"href":"http:\/\/razemdlabialoleki.waw.pl\/index.php?rest_route=\/wp\/v2\/media\/21915"}],"wp:attachment":[{"href":"http:\/\/razemdlabialoleki.waw.pl\/index.php?rest_route=%2Fwp%2Fv2%2Fmedia&parent=21904"}],"wp:term":[{"taxonomy":"category","embeddable":true,"href":"http:\/\/razemdlabialoleki.waw.pl\/index.php?rest_route=%2Fwp%2Fv2%2Fcategories&post=21904"},{"taxonomy":"post_tag","embeddable":true,"href":"http:\/\/razemdlabialoleki.waw.pl\/index.php?rest_route=%2Fwp%2Fv2%2Ftags&post=21904"}],"curies":[{"name":"wp","href":"https:\/\/api.w.org\/{rel}","templated":true}]}}