{"id":21773,"date":"2024-09-22T19:38:50","date_gmt":"2024-09-22T18:38:50","guid":{"rendered":"https:\/\/razemdlabialoleki.waw.pl\/?p=21773"},"modified":"2024-09-23T13:58:03","modified_gmt":"2024-09-23T12:58:03","slug":"strategia-i-plan-ogolny-warszawa2040","status":"publish","type":"post","link":"http:\/\/razemdlabialoleki.waw.pl\/?p=21773","title":{"rendered":"Strategia i plan og\u00f3lny #Warszawa2040+"},"content":{"rendered":"<p style=\"text-align: justify;\">Do 30 wrze\u015bnia 2024 r. trwaj\u0105 konsultacje projektu strategii rozwoju Warszawy 2040+ oraz sk\u0142adanie wniosk\u00f3w do planu og\u00f3lnego:<\/p>\n<p style=\"text-align: justify;\"><strong>Wype\u0142nij <a href=\"https:\/\/konsultacje.um.warszawa.pl\/processes\/Warszawa2040\/f\/232\/#subcontent\" target=\"_blank\" rel=\"noopener\">ankiet\u0119 <\/a>na temat priorytet\u00f3w rozwoju miasta<\/strong><\/p>\n<p style=\"text-align: justify;\">Wyniki ankiety pomog\u0105 uaktualni\u0107 polityk\u0119 rozwoju naszego miasta na najbli\u017csze 20 lat.<\/p>\n<p><strong>Z\u0142\u00f3\u017c wniosek do planu og\u00f3lnego<\/strong><\/p>\n<p style=\"text-align: justify;\">a) Wype\u0142nij i z\u0142\u00f3\u017c wniosek poprzez <a href=\"https:\/\/konsultacje.um.warszawa.pl\/processes\/Warszawa2040\/f\/262\/#subcontent\" target=\"_blank\" rel=\"noopener\">formularz online<\/a> na tej stronie \u2013 w nim \u0142atwo wype\u0142nisz i wy\u015blesz wniosek.<\/p>\n<p style=\"text-align: justify;\">b) Je\u015bli nie chcesz lub nie mo\u017cesz skorzysta\u0107 z formularza online, wype\u0142nij jeden z poni\u017cszych formularzy:<\/p>\n<p style=\"text-align: justify;\"><a href=\"https:\/\/nowy.bip.um.warszawa.pl\/documents\/50721\/51149494\/Wz%C3%B3r_formularza_pisma_dot_aktu_planowania_przestrzennego.pdf\/a0ec3ae0-824a-b3f5-5640-0e46f3c5517b?t=1724926905018\" target=\"_blank\" rel=\"noopener\">wz\u00f3r formularza<\/a> do wype\u0142nienia odr\u0119cznego otwiera si\u0119 w nowej karcie<br><a href=\"https:\/\/nowy.bip.um.warszawa.pl\/documents\/50721\/51149494\/Wz%C3%B3r_formularza_pisma_dot_aktu_planowania_przestrzennego.docx\/269acf15-2cdc-eb23-0afd-0f81abde6ff0?t=1724926907590\" target=\"_blank\" rel=\"noopener\">wz\u00f3r formularza<\/a> do wype\u0142nienia elektronicznie otwiera si\u0119 w nowej karcie<\/p>\n<p style=\"text-align: justify;\">Wype\u0142niony formularz mo\u017cesz dostarczy\u0107:<\/p>\n<p style=\"text-align: justify;\"><strong>w formie elektronicznej:<\/strong><br>&#8211; mejlowo na adres: plan.ogolny@um.warszawa.pl <br>&#8211; elektronicznie na adres skrytki domy\u015blnej ePUAP Urz\u0119du m.st. Warszawy: \/UMSTWarszawa\/SkrytkaESP<\/p>\n<p style=\"text-align: justify;\">Wysy\u0142aj\u0105c wniosek na adres email lub na adres skrytki domy\u015blnej ePUAP, za\u0142\u0105cz wype\u0142niony formularz elektroniczny lub skan wype\u0142nionego formularza papierowego.<\/p>\n<p style=\"text-align: justify;\"><strong>w formie papierowej:<\/strong><br>&#8211; poczt\u0105 na adres Biura Architektury i Planowania Przestrzennego, Aleje Jerozolimskie 44, 00-024 Warszawa<br>&#8211; osobi\u015bcie \u2013 w kancelarii Biura Architektury i Planowania Przestrzennego (Aleje Jerozolimskie 44, 00-024 Warszawa) lub w Wydzia\u0142ach Obs\u0142ugi Mieszka\u0144c\u00f3w w dzielnicy.<\/p>\n<p style=\"text-align: justify;\">Sk\u0142adaj\u0105c wniosek w formie papierowej, wype\u0142nij formularz papierowy lub wype\u0142nij i wydrukuj formularz elektroniczny.<\/p>\n<p style=\"text-align: justify;\">Pami\u0119taj! Wystarczy, \u017ce z\u0142o\u017cysz wniosek w jeden spos\u00f3b. Na przyk\u0142ad, je\u015bli z\u0142o\u017cysz wniosek online, nie musisz sk\u0142ada\u0107 wniosku papierowego.<\/p>\n<p style=\"text-align: justify;\">Nie wiesz jak wype\u0142ni\u0107 formularz? Zach\u0119camy do skorzystania z <strong><a href=\"https:\/\/architektura.um.warszawa.pl\/documents\/12025039\/112612512\/2024_07_19_INSTRUKCJA+WYPE%C5%81NIANIA+WNIOSKU.pdf\/92ece489-e4fc-c8c6-2195-03c65e8dd543?t=1721383117190\" target=\"_blank\" rel=\"noopener\">instrukcji<\/a><\/strong>.<\/p>\n<p style=\"text-align: justify;\"><strong>Uwagi og\u00f3lne<\/strong><\/p>\n<p style=\"text-align: justify;\">Zapisy w planie og\u00f3lnym i Strategii 2040+ nale\u017cy dostosowa\u0107 do obecnych zada\u0144 inwestycyjnych miasta.<\/p>\n<p style=\"text-align: justify;\"><strong>SW<\/strong> &#8211; przeprowadzenie analizy faktycznych i d\u0142ugofalowych skutk\u00f3w ekonomicznych wprowadzania nowych obszar\u00f3w wielofunkcyjnych z zabudow\u0105 mieszkaniow\u0105 wielorodzinn\u0105 (np. Stare \u015awidry, Polfa, Port \u017bera\u0144ski), w zakresie koszt\u00f3w p\u00f3\u017aniejszego zapewnienia infrastruktury o\u015bwiatowej, spo\u0142ecznej i transportowej.<\/p>\n<p style=\"text-align: justify;\"><strong>SW<\/strong> &#8211; Zabezpieczenie minimum 20% ka\u017cdego obszaru z zabudow\u0105 wielorodzinn\u0105 na us\u0142ugi, w tym o\u015bwiaty i sportu. Zwi\u0119kszenie wsp\u00f3\u0142czynnika liczby miejsc parkingowych do min. 1,5 miejsca na 1 lokal mieszkalny.<\/p>\n<p style=\"text-align: justify;\"><strong>SO <\/strong>&#8211; zakaz zabudowy zwartej na terenach przyrodniczych tj. wydmach, kompleksach le\u015bnych. Zachowanie i obj\u0119cie ochron\u0105 szlak\u00f3w zwierzyny le\u015bnej.<\/p>\n<p style=\"text-align: justify;\"><strong>SO &#8211;<\/strong> Niedopuszczenie do zabudowy naturalnych klin\u00f3w napowietrzaj\u0105cych Warszaw\u0119.<\/p>\n<p style=\"text-align: justify;\"><strong>SO &#8211;<\/strong> Ochrona przyrodnicza zasob\u00f3w naturalnych, zachowanie przyrodniczego charakteru Bia\u0142o\u0142\u0119ki. Inwentaryzacja zasob\u00f3w przyrodniczych pod k\u0105tem turystyki mieszka\u0144c\u00f3w Warszawy i po\u0142\u0105czenie szlak\u00f3w&nbsp; z gminami o\u015bciennymi m.in.: utworzenie le\u015bnej rowerowej obwodnicy prawobrze\u017cnej Warszawy.<\/p>\n<p style=\"text-align: justify;\"><strong>SO<\/strong> &#8211; Ca\u0142kowity zakaz tworzenia obszar\u00f3w do magazynowania odpad\u00f3w niebezpiecznych oraz punkt\u00f3w przetwarzania odpad\u00f3w, gruzu, materia\u0142\u00f3w szkodliwych i uci\u0105\u017cliwych dla mieszka\u0144c\u00f3w (generuj\u0105cych od\u00f3r, pyl\u0105cych, wywo\u0142uj\u0105cych ha\u0142as, wp\u0142ywaj\u0105cych negatywnie na komfort \u017cycia mieszka\u0144c\u00f3w).<\/p>\n<p style=\"text-align: justify;\"><strong>SN<\/strong> &#8211; Ochrona teren\u00f3w zieleni nale\u017c\u0105cych do m.st. Warszawy oraz wy\u0142\u0105czenie ich z zabudowy (np. Port \u017bera\u0144ski). Zgodnie ze Strategi\u0105 Warszawa 2030 powierzchnia park\u00f3w i ziele\u0144c\u00f3w przypadaj\u0105ca na jednego mieszka\u0144ca powinna wynosi\u0107 6 m2. Obecnie dla Dzielnicy Bia\u0142o\u0142\u0119ka m.st. Warszawy wska\u017anik ten wynosi 1,45 m2. Wobec tego tereny zieleni nale\u017c\u0105ce do m.st. Warszawy nale\u017cy bezwzgl\u0119dnie przeznaczy\u0107 na ziele\u0144&nbsp; i rekreacj\u0119.<\/p>\n<p style=\"text-align: justify;\"><strong>SN<\/strong> &#8211; Zabezpieczenie teren\u00f3w, gdzie obecnie istniej\u0105 rodzinne ogrody dzia\u0142kowe jako strefa zieleni i rekreacji.<\/p>\n<p style=\"text-align: justify;\"><strong>SN<\/strong> &#8211; Zabezpieczenie teren\u00f3w dawnych cmentarzy ewangelickich jako strefa zieleni i rekreacji.<\/p>\n<p style=\"text-align: justify;\"><strong>SN &#8211;<\/strong> Przeznaczenie obszar\u00f3w przy trasach szybkiego ruchu czy liniach tramwajowych na tereny zielone w zwi\u0105zku z generowanym ha\u0142asem i zanieczyszczeniem powietrza w przypadku ruchu indywidualnego (np.: S8).<\/p>\n<p style=\"text-align: justify;\"><strong>SN \u2013 <\/strong>wyznaczenie zasad zapewnienia dost\u0119pu do us\u0142ug publicznych poprzez przyj\u0119cie standardu rozszerzonego o dost\u0119p do przedszkola, \u017c\u0142obka, ambulatorium podstawowej opieki zdrowotnej, biblioteki, domu kultury, domu pomocy spo\u0142ecznej, urz\u0105dzonego terenu sportu, przystanku publicznego transportu zbiorowego, plac\u00f3wki pocztowej, apteki oraz posterunku policji lub posterunku jednostki ochrony przeciwpo\u017carowej.<\/p>\n<p style=\"text-align: justify;\"><strong>SI &#8211;<\/strong> Zaplanowanie alternatywnych \u017ar\u00f3de\u0142 energii i uj\u0119\u0107 wody w przypadku awarii\/kl\u0119sk \u017cywio\u0142owych np.: uszkodzenia sieci energetycznej, powodzi, suszy, huragan\u00f3w, wojny.<\/p>\n<p style=\"text-align: justify;\"><strong>SI<\/strong> &#8211; Rozbudowa sieci ciep\u0142owniczej w Dzielnicy Bia\u0142o\u0142\u0119ka.<\/p>\n<p style=\"text-align: justify;\"><strong>SI<\/strong> &#8211; Rozbudowa sieci kanalizacyjnej wraz ze zbiornikami retencyjnymi i kolektorem retencyjnym dla prawobrze\u017cnej Warszawy.<\/p>\n<p style=\"text-align: justify;\"><strong>SI<\/strong> &#8211; Wypracowanie standard\u00f3w urbanistycznych dla lokalizacji paczkomat\u00f3w.<\/p>\n<p style=\"text-align: justify;\"><strong>SK<\/strong> &#8211; Przed\u0142u\u017cenie IV linii metra na p\u00f3\u0142noc z przebiegiem: Trakt Nadwi\u015bla\u0144ski \u2013 \u015awiatowida \u2013 Modli\u0144ska, nawi\u0105zuj\u0105c do wariantu W5 ze studium rozwoju sieci metra \u2013 przygotowanego przez firm\u0119 ILF na zlecenie Biura Architektury i Planowania Przestrzennego. Pozwoli to w efektywny spos\u00f3b obs\u0142u\u017cy\u0107 Tarchomin i Nowodwory, kt\u00f3re ju\u017c obecnie charakteryzuj\u0105 si\u0119 wysok\u0105 g\u0119sto\u015bci\u0105 zabudowy oraz \u2013 szczeg\u00f3lnie w przypadku Nowodwor\u00f3w \u2013 dynamicznym wzrostem liczby Mieszka\u0144c\u00f3w, co wymaga zapewnienia efektywnego transportu publicznego.<\/p>\n<p style=\"text-align: justify;\"><strong>SK<\/strong> &#8211; Uwzgl\u0119dnienie przebiegu linii metra na wschodni\u0105 Bia\u0142o\u0142\u0119k\u0119 &#8211; od Metra Marymont w rejon ulic: Ostr\u00f3dzkiej i Hemara.<\/p>\n<p style=\"text-align: justify;\"><strong>SK<\/strong> \u2013 W rezerwie Trasy Mostu P\u00f3\u0142nocnego o obni\u017conej klasie drogi (Z) nale\u017cy uwzgl\u0119dni\u0107 lini\u0119 tramwajow\u0105 w celu zapewnienia komunikacji szynowej dla \u015brodkowej i wschodniej Bia\u0142o\u0142\u0119ki z mo\u017cliwo\u015bci\u0105 przed\u0142u\u017cenia w kierunku miasta Marki.<\/p>\n<p style=\"text-align: justify;\"><strong>SK<\/strong> &#8211; Po\u0142\u0105czenie Nowo-Kowalskiego o klasie drogi (Z) z Targ\u00f3wkiem poprzez wiadukt nad S8 w celu zapewnienia alternatywnych ci\u0105g\u00f3w komunikacyjnych (m.in. odci\u0105\u017cenie ul. G\u0142\u0119bockiej i Ostr\u00f3dzkiej).<\/p>\n<p style=\"text-align: justify;\"><strong>SK<\/strong> &#8211; Przebudowa w\u0119z\u0142a Trasa Mostu P\u00f3\u0142nocnego \/My\u015bliborska\/\u015awiderska oraz ci\u0105gu \u017bera\u0144ska\/Klembowska\/Dorodna\/My\u015bliborska\/\u015awiderska, pod k\u0105tem efektywnej obs\u0142ugi komunikacj\u0105 autobusow\u0105 istniej\u0105cych osiedli na \u017beraniu i Tarchominie oraz obszaru Starych \u015awidr\u00f3w.<\/p>\n<p style=\"text-align: justify;\"><strong>SK<\/strong> &#8211; Zachowanie rezerwy pod budow\u0119 trasy tramwajowej wzd\u0142u\u017c Modli\u0144skiej (zgodnie z przebiegiem wyznaczonym w ramach studium techniczno-ekonomicznego) i przed\u0142u\u017cenie linii tramwajowej na Zielon\u0105 Bia\u0142o\u0142\u0119k\u0119 w kierunku p\u00f3\u0142nocnym (Kobia\u0142ka) w rezerwie Trasy Olszynki Grochowskiej z mo\u017cliwo\u015bci\u0105 przed\u0142u\u017cenia na teren gminy Niepor\u0119t.<\/p>\n<p style=\"text-align: justify;\"><strong>SK<\/strong> \u2013 zachowanie rezerwy terenu pod budow\u0119 linii tramwajowej na Brzezinach, docelowe po\u0142\u0105czenia z lini\u0105 tramwajow\u0105 wzd\u0142u\u017c ul. Modli\u0144skiej, ul. P\u0142ochoci\u0144sk\u0105, Tras\u0105 Mostu P\u00f3\u0142nocnego, Ostr\u00f3dzk\u0105.<\/p>\n<p style=\"text-align: justify;\"><strong>SK<\/strong> &#8211; Zachowanie rezerwy pod budow\u0119 Mehoffera-bis i Bia\u0142o\u0142\u0119ck\u0105-bis z uwzgl\u0119dnieniem buspas\u00f3w.<\/p>\n<p style=\"text-align: justify;\"><strong>SK <\/strong>\u2013 budowa \u201eMa\u0142ej Toru\u0144skiej (w ci\u0105gu ul. Artyleryjskiej) na odc. \u0141abiszy\u0144ska \u2013 Ostr\u00f3dzka o klasie L dostosowanej do kursowania komunikacji miejskiej.<\/p>\n<p style=\"text-align: justify;\"><strong>SK &#8211; <\/strong>Zabezpieczenie rezerwy terenu pod p\u0119tle autobusowe w rejonie ulicy Zau\u0142ek oraz w rejonie ulic Kobia\u0142ka i D\u0142ugorzeczna,<\/p>\n<p style=\"text-align: justify;\"><strong>SK<\/strong> &#8211; Dostosowania uk\u0142adu drogowego w celu likwidacji wykluczenia komunikacyjnego w rejonie ulic: Chudoby, Geodezyjnej, Kroczewskiej, Ma\u0144kowskiej, Olesin, Siecznej, Szamocin, Szlacheckiej, Wa\u0142uszewskiej.<\/p>\n<p style=\"text-align: justify;\"><strong>SK &#8211;<\/strong> Uwzgl\u0119dnienie budowy ul. Suchoci\u0144skiej na odc. Chudoby \u2013 granica miasta jako drogi o klasie lokalnej z dostosowaniem do kursowania komunikacji miejskiej i drog\u0105 dla rower\u00f3w.<\/p>\n<p style=\"text-align: justify;\"><strong>SK &#8211;<\/strong> Ograniczenie szeroko\u015bci planowanego korytarza kolejowego (rezerwa pod tzw. czwarty tor), aby ograniczy\u0107 ingerencj\u0119 w tereny prywatne na ca\u0142ym obszarze Dzielnicy Bia\u0142o\u0142\u0119ka, w tym terenie Choszcz\u00f3wki (m.in. w rejonie ul. Zawi\u015bla\u0144skiej), a tak\u017ce ograniczy\u0107 ingerencj\u0119 w tereny le\u015bne.<\/p>\n<p style=\"text-align: justify;\"><strong>SK &#8211;<\/strong> Uszczeg\u00f3\u0142owienie planowanego korytarza kolejowego na ca\u0142ym obszarze Dzielnicy Bia\u0142o\u0142\u0119ka (rezerwa pod tzw. czwarty tor) o zabezpieczenia akustyczne.<\/p>\n<p style=\"text-align: justify;\">&nbsp;<\/p>\n<p style=\"text-align: justify;\"><strong>Rozw\u00f3j sieci rowerowej<\/strong> w celu ograniczenia ruchu indywidualnego (samochodowego) w rejonie plac\u00f3wek o\u015bwiatowych i g\u0142\u00f3wnych ci\u0105gach komunikacyjnych.<\/p>\n<p style=\"text-align: justify;\"><strong>SK<\/strong> &#8211; droga dla rower\u00f3w na ca\u0142ym przebiegu rzeki D\u0142ugiej, w tym od ul. Zau\u0142ek do granicy z Miastem Marki<\/p>\n<p style=\"text-align: justify;\"><strong>SK<\/strong> &#8211;&nbsp; ci\u0105g pieszo-rowerowy wzd\u0142u\u017c Kana\u0142u Br\u00f3dnowskiego odc. ul. Artyleryjska \u2013 powi\u0105zanie z drog\u0105 dla rower\u00f3w w projektowanej Trasie Mostu P\u00f3\u0142nocnego.<\/p>\n<p style=\"text-align: justify;\"><strong>SK<\/strong> &#8211; ci\u0105g pieszo-rowerowy wzd\u0142u\u017c rowu Brzezi\u0144skiego na odc. trasa S8 \u2013 ul. Ostr\u00f3dzka<\/p>\n<p style=\"text-align: justify;\"><strong>SK<\/strong> \u2013 uwzgl\u0119dnienie obligatoryjnie dr\u00f3g dla rower\u00f3w w ulicach:<\/p>\n<ul style=\"text-align: justify;\">\n<li>Annopol<\/li>\n<li>Berensona<\/li>\n<li>Bohater\u00f3w<\/li>\n<li>Cie\u015blewskich<\/li>\n<li>Czo\u0142owa<\/li>\n<li>Geometrycznej<\/li>\n<li>Hemara<\/li>\n<li>Juranda ze Spychowa<\/li>\n<li>Klasyk\u00f3w<\/li>\n<li>Kobia\u0142ka<\/li>\n<li>Konik Polny<\/li>\n<li>Lewand\u00f3w<\/li>\n<li>Ma\u0144kowska<\/li>\n<li>Marywilska<\/li>\n<li>Mehoffera<\/li>\n<li>My\u015bliborskiej i Familijnej<\/li>\n<li>Mochty\u0144skiej<\/li>\n<li>Ostr\u00f3dzka odc. Nowo-Kowalskiego \u2013 TT<\/li>\n<li>Piwoniowa<\/li>\n<li>P\u0142ochoci\u0144skiej oraz wzd\u0142u\u017c Kana\u0142u \u017bera\u0144skiego (po wschodniej stronie), wchodz\u0105cych w sk\u0142ad mi\u0119dzynarodowej trasy EuroVelo 11<\/li>\n<li>P\u0142u\u017cnickiej<\/li>\n<li>Polnych Kwiat\u00f3w<\/li>\n<li>Poraj\u00f3w<\/li>\n<li>Przykoszarowa<\/li>\n<li>Ruskowy Br\u00f3d<\/li>\n<li>Sieczna<\/li>\n<li>Szamocin<\/li>\n<li>Szlachecka<\/li>\n<li>\u015awiatowida<\/li>\n<li>\u015awiderska<\/li>\n<li>Trakt Nadwi\u015bla\u0144ski<\/li>\n<li>Zau\u0142ek<\/li>\n<\/ul>\n<p style=\"text-align: justify;\"><strong>SK <\/strong>&#8211; Ustanowienie k\u0142adek nad Kana\u0142em \u017bera\u0144skim w rejonie ulicy Krzy\u017c\u00f3wki wy\u0142\u0105cznie jako pieszo-rowerowe, z wy\u0142\u0105czeniem ruchu samochodowego.<\/p>\n<p style=\"text-align: justify;\"><strong>SK<\/strong> \u2013 rozw\u00f3j roweru publicznego poprzez budow\u0119 stacji Veturilo:<\/p>\n<ul style=\"text-align: justify;\">\n<li>Berensona\/K\u0105ty Grodziskie<\/li>\n<li>Buk\u00f3w\/Przyrzecze (okolice p\u0119tli)<\/li>\n<li>Daniszewska\/Szlachecka<\/li>\n<li>Geodezyjna\/Decathlon<\/li>\n<li>G\u0142\u0119bocka\/Kartograficzna<\/li>\n<li>G\u0142\u0119bocka\/Sieczna<\/li>\n<li>K\u0119pa Tarchomi\u0144ska<\/li>\n<li>Mehoffera\/Modli\u0144ska<\/li>\n<li>Milenijna\/\u0106mielowska<\/li>\n<li>Modli\u0144ska\/Ekspresowa<\/li>\n<li>Modli\u0144ska\/P\u0142ochoci\u0144ska<\/li>\n<li>My\u015bliborska\/\u0106mielowska\/Botewa<\/li>\n<li>My\u015bliborska\/\u015awiatowida<\/li>\n<li>Odkryta\/\u0141\u0105cz\u0105ca<\/li>\n<li>Odkryta\/Sprawna<\/li>\n<li>Odlewnicza\/Annopol<\/li>\n<li>Park Henrykowski (Modli\u0144ska\/Klasyk\u00f3w)<\/li>\n<li>Park \u017bera\u0144ski (Kowalczyka\/Krzy\u017c\u00f3wki\/P\u0142ochoci\u0144ska)<\/li>\n<li>p\u0119tla August\u00f3w<\/li>\n<li>p\u0119tla autobusowa Grodzisk<\/li>\n<li>p\u0119tla \u017bera\u0144 FSO<\/li>\n<li>PKP P\u0142udy<\/li>\n<li>PKP Warszawa Choszcz\u00f3wka<\/li>\n<li>Poet\u00f3w\/Modli\u0144ska<\/li>\n<li>Przykoszarowa (przychodnia)<\/li>\n<li>przystanek Parcelacyjna (w kierunku Tarchomina) lub skrzy\u017cowanie Parcelacyjna\/Mehoffera<\/li>\n<li>Ryneczek Poraje (\u015awiderska\/Poraj\u00f3w\/Antalla)<\/li>\n<li>Skarbka z G\u00f3r\/Derby<\/li>\n<li>SP przy Hemara\/Warzelnicza<\/li>\n<li>SP przy Ostr\u00f3dzkiej<\/li>\n<li>szko\u0142a podstawowa przy ul. My\u015bliborskiej<\/li>\n<li>szko\u0142a podstawowa przy ul. P\u0142u\u017cnickiej<\/li>\n<li>szko\u0142a podstawowa przy ul. Podr\u00f3\u017cniczej<\/li>\n<li>Zdziarska\/Verdiego<\/li>\n<\/ul>\n<p style=\"text-align: justify;\"><strong>&nbsp;<\/strong><\/p>\n<p style=\"text-align: justify;\"><strong>\u015arodkowa Bia\u0142o\u0142\u0119ka (Henryk\u00f3w, Bia\u0142o\u0142\u0119ka Dworska, Choszcz\u00f3wka, D\u0105br\u00f3wka Szlachecka, Szamocin)<\/strong><\/p>\n<p style=\"text-align: justify;\"><strong>SI \u2013<\/strong> na terenie przy ulicy \u017b\u00f3\u0142tej umo\u017cliwi\u0107 realizacj\u0119 parkingu.<\/p>\n<p style=\"text-align: justify;\"><strong>SN &#8211;<\/strong>&nbsp; ulica Bohater\u00f3w (dzia\u0142ki 90\/1, 90\/2, 90\/3 z obr\u0119bu 40510) &#8211; zachowanie rezerwy na realizacj\u0119 us\u0142ug powszechnych, a w szczeg\u00f3lno\u015bci ochrony zdrowia.<\/p>\n<p><strong>SN<\/strong> &#8211; ulica Bohater\u00f3w (dzia\u0142ki 49\/3 i 49\/4 z obr\u0119bu 40505) &#8211; przeznaczenie pod us\u0142ugi edukacji na potrzeby rozbudowy SP 110.<\/p>\n<p style=\"text-align: justify;\"><strong>SN &#8211;<\/strong> ulica Karnicka (dzia\u0142ka 52 z obr\u0119bu 40422) \u2013 zabezpieczenie og\u00f3lnodost\u0119pnego terenu na obszarze o wysokich walorach przyrodniczych z mo\u017cliwo\u015bci\u0105 realizacji obiektu us\u0142ug powszechnych poprzez adaptacj\u0119 istniej\u0105cego obiektu architektury drewnianej.<\/p>\n<p style=\"text-align: justify;\"><strong>SN <\/strong>&#8211; przeznaczenie dzia\u0142ek nr 23\/1 i 28 z obr\u0119bu 40414 przy ul. Wiklinowej pod realizacj\u0119 us\u0142ug edukacji\/kultury.<\/p>\n<p style=\"text-align: justify;\"><strong>SN <\/strong>&#8211; Przeznaczenie dzia\u0142ki nr 62 z obr\u0119bu 40416 na ziele\u0144 i rekreacj\u0119, zgodnie z realizowan\u0105 funkcj\u0105 (teren rekreacyjny Placyk Fleminga).<\/p>\n<p style=\"text-align: justify;\"><strong>SN &#8211;<\/strong> Przeznaczenie dzia\u0142ek nr 1\/2, 2\/1 3\/1 i 4\/1 z obr\u0119bu 40413 na ziele\u0144 i rekreacj\u0119, zgodnie z obowi\u0105zuj\u0105cym miejscowym planem zagospodarowania przestrzennego.<\/p>\n<p style=\"text-align: justify;\"><strong>SC \u2013<\/strong> zabezpieczanie terenu pod utworzenie cmentarza przy parafii P\u0142udy.<\/p>\n<p style=\"text-align: justify;\"><strong>&nbsp;<\/strong><\/p>\n<p style=\"text-align: justify;\"><strong>Tarchomin i Nowodwory<\/strong><\/p>\n<p style=\"text-align: justify;\"><strong>SN &#8211;<\/strong> rejon ulicy Aluzyjna\/K\u0119pa Tarchomi\u0144ska nale\u017cy zabezpieczy\u0107 rezerw\u0119 pod budow\u0119 szko\u0142y na K\u0119pie Tarchomi\u0144skiej wraz z niezb\u0119dnym uk\u0142adem drogowym.<\/p>\n<p style=\"text-align: justify;\"><strong>SN &#8211;<\/strong> ulica Stefanika (dzia\u0142ki 209 cz. 228\/1 cz. z obr\u0119bu 40122) \u2013 konieczno\u015b\u0107 zachowania naturalnego terenu zieleni urz\u0105dzonej, kt\u00f3ry ju\u017c w tej chwili jest miejscem spacer\u00f3w okolicznych Mieszka\u0144c\u00f3w.<\/p>\n<p style=\"text-align: justify;\"><strong>SN &#8211;<\/strong>&nbsp; ul. Mehoffera (dzia\u0142ka 47\/3, 48\/5 z obr\u0119bu 40122) \u2013 zachowanie charakteru miejsca oraz utworzenie og\u00f3lnodost\u0119pnego terenu zieleni, b\u0119d\u0105cego \u2013 poprzez teren w rejonie ulicy Nowodworskiej (dzia\u0142ki 36, 21\/5,19\/2, 17\/2,21\/2 z obr\u0119bu 40123) \u2013 \u0142\u0105cznikiem z terenami wzd\u0142u\u017c Wis\u0142y.<\/p>\n<p style=\"text-align: justify;\"><strong>SN &#8211;<\/strong> rejon ul. Stefanika \u2013 Odkryta \u2013 Ksi\u0105\u017ckowa \u2013 \u015awiatowida utrzymanie obecnego stanu, czyli terenu zieleni dost\u0119pnego dla Mieszka\u0144c\u00f3w na dzia\u0142kach: 209, 211, 228\/1, 216, 230 z obr\u0119bu 40122.<\/p>\n<p style=\"text-align: justify;\"><strong>SN- <\/strong>rejon ulicy Nowodworskiej (dzia\u0142ki 36, 21\/5, 19\/2, 17\/2, 21\/2 z obr\u0119bu 40123) \u2013 otulina zespo\u0142u wpisanego do rejestru zabytk\u00f3w \u2013 nale\u017cy zachowa\u0107 charakter miejsca oraz utworzy\u0107 og\u00f3lnodost\u0119pny teren zieleni, b\u0119d\u0105cy \u0142\u0105cznikiem z terenami wzd\u0142u\u017c Wis\u0142y.<\/p>\n<p style=\"text-align: justify;\"><strong>SN<\/strong>&#8211; rejon ulicy Mehoffera po obydwu stronach (odcinek ul. Nowodworska \u2013 \u015awiatowida) utrzyma\u0107 stan obecny, czyli tereny zieleni dost\u0119pnego dla Mieszka\u0144c\u00f3w na dzia\u0142kach: 48\/5, 47\/3, 53\/7, 13\/3 z obr\u0119bu 40122.<\/p>\n<p style=\"text-align: justify;\"><strong>SN &#8211;<\/strong>&nbsp; rejon ulicy \u0141\u0105cz\u0105cej (odcinek ul. Odkryta \u2013 wej\u015bcie na wa\u0142 wi\u015blany) utrzyma\u0107 stan obecny, czyli teren zieleni dost\u0119pny dla Mieszka\u0144c\u00f3w na dzia\u0142kach: 1\/6, 1\/7 z obr\u0119bu 40123.<\/p>\n<p style=\"text-align: justify;\"><strong>SN &#8211;<\/strong>&nbsp; ulica Barszczewska (dzia\u0142ka 14\/1 z obr\u0119bu 40115) \u2013 konieczno\u015b\u0107 zachowania rezerwy na realizacj\u0119 us\u0142ug powszechnych, a w szczeg\u00f3lno\u015bci o\u015bwiatowych \u2013 w zwi\u0105zku z zar\u00f3wno istniej\u0105c\u0105, jak i planowan\u0105 zabudow\u0105 mieszkaniow\u0105 w tym rejonie.<\/p>\n<p style=\"text-align: justify;\"><strong>SN &#8211;<\/strong>&nbsp; rejon ulicy Poet\u00f3w (dzia\u0142ka 3 z obr\u0119bu 40109) konieczno\u015b\u0107 zachowania rezerwy na realizacj\u0119 us\u0142ug powszechnych, a w szczeg\u00f3lno\u015bci o\u015bwiatowych \u2013 w zwi\u0105zku z zar\u00f3wno istniej\u0105c\u0105, jak i planowan\u0105 zabudow\u0105 mieszkaniow\u0105 w tym rejonie oraz zachowania charakteru obszaru znajduj\u0105cego si\u0119 przy ulicy wpisanej do Gminnej Ewidencji Zabytk\u00f3w.<\/p>\n<p style=\"text-align: justify;\"><strong>SN <\/strong>&#8211; rejon ulicy Poet\u00f3w (dzia\u0142ka 2\/2 z obr\u0119bu 40109) \u2013 zachowanie istniej\u0105cej zieleni jako zieleni izolacyjnej oraz zachowanie charakteru obszaru znajduj\u0105cego si\u0119 przy ulicy wpisanej do Gminnej Ewidencji Zabytk\u00f3w.<\/p>\n<p style=\"text-align: justify;\"><strong>SN <\/strong>&#8211; rejon ulicy Barszczewskiej (dzia\u0142ka 36\/1 z obr\u0119bu 40115) \u2013 konieczno\u015b\u0107 zachowania og\u00f3lnodost\u0119pnego terenu na obszarze o wysokich walorach przyrodniczych z mo\u017cliwo\u015bci\u0105 realizacji obiektu us\u0142ug powszechnych.<\/p>\n<p style=\"text-align: justify;\"><strong>SN &#8211;<\/strong> rejon ulicy Pomorskiej (dzia\u0142ka 1\/4 z obr\u0119bu 40302) \u2013 zachowania rezerwy na realizacj\u0119 us\u0142ug powszechnych, a w szczeg\u00f3lno\u015bci o\u015bwiatowych \u2013 w zwi\u0105zku za r\u00f3wno istniej\u0105c\u0105, jak i planowan\u0105 zabudow\u0105 mieszkaniow\u0105 w tym rejonie. Dodatkowo nale\u017cy przewidzie\u0107 og\u00f3lnodost\u0119pn\u0105 bibliotek\u0119 wraz z miejscami parkingowymi.<\/p>\n<p style=\"text-align: justify;\"><strong>SN &#8211;<\/strong> Przeznaczenie dzia\u0142ki 44\/2 z obr\u0119bu 40306 w rejonie Traktu Nadwi\u015bla\u0144skiego pod ziele\u0144 i rekreacj\u0119 w celu zachowania zieleni izolacyjnej w rejonie istniej\u0105cej zabudowy o\u015bwiatowej, jak i mieszkaniowej.<\/p>\n<p style=\"text-align: justify;\"><strong>SN &#8211;<\/strong> Rozszerzenie powierzchni terenu zieleni i rekreacji w rejonie skrzy\u017cowania ul. \u015awiatowida i Trakt Nadwi\u015bla\u0144ski.<\/p>\n<p style=\"text-align: justify;\"><strong>SN <\/strong>&#8211; Przeznaczenie ca\u0142o\u015bci dzia\u0142ki nr 10\/1 z obr\u0119bu 40307 pod ziele\u0144 i rekreacj\u0119, ze wskazaniem terenu SP 406 przy ul. \u015awiderskiej jako us\u0142ug edukacji oraz pozosta\u0142ego terenu jako zieleni i rekreacji, aby umo\u017cliwi\u0107 realizacj\u0119 parku przy ul. \u015awiderskiej.<\/p>\n<p style=\"text-align: justify;\"><strong>SN <\/strong>&#8211; Przeznaczenie ca\u0142o\u015bci teren\u00f3w nale\u017c\u0105cych do m.st. Warszawy pomi\u0119dzy ul \u015awidersk\u0105, zabudow\u0105 przy ul. \u015awi\u0119tos\u0142awskiego, wa\u0142em wi\u015blanym oraz terenem SP 406 przy ul. \u015awiderskiej pod ziele\u0144 i rekreacj\u0119, aby umo\u017cliwi\u0107 realizacj\u0119 parku przy ul. \u015awiderskiej.<\/p>\n<p style=\"text-align: justify;\"><strong>SN <\/strong>&#8211; Przeznaczenie nale\u017c\u0105cych do m.st. Warszawy dzia\u0142ek nr 5\/7, 5\/8, 5\/9, 5\/10, 5\/11, 6\/2 i 6\/3 z obr\u0119bu 40307 przy ul. Maciejewskiego i \u015awiderskiej na ziele\u0144 i rekreacj\u0119.<\/p>\n<p style=\"text-align: justify;\"><strong>SN <\/strong>&#8211; Przeznaczenie dzia\u0142ek nr 7\/2, 7\/3, 7\/4, 8\/2, 8\/3, 8\/4, 9\/1, 9\/2, 9\/3 z obr\u0119bu 40307 przy ul. \u015awiderskiej na ziele\u0144 i rekreacj\u0119, ze wskazaniem na us\u0142ugi o\u015bwiaty i sportu, zgodnie z obecn\u0105 funkcj\u0105 wyznaczon\u0105&nbsp;w miejscowym planie zagospodarowania przestrzennego.<\/p>\n<p style=\"text-align: justify;\"><strong>SW\/SN &#8211;<\/strong> Ograniczenie powierzchni terenu zabudowy wielorodzinnej w rejonie ul. Picassa wy\u0142\u0105cznie do istniej\u0105cej zabudowy (osiedle Picassa) i przeznaczenie pozosta\u0142ej cz\u0119\u015bci tego terenu na ziele\u0144 i rekreacj\u0119 (SN), zgodnie z obowi\u0105zuj\u0105cym miejscowym planem zagospodarowania przestrzennego.<\/p>\n<p>Zaniechanie w planie powstania drogi \u0142\u0105cz\u0105cej ulic\u0119 Kalendarzow\u0105 z ulic\u0105 Aneci\u0144sk\u0105. Na dzia\u0142ce nr 28 z obr\u0119bu 4-03-20, przez kt\u00f3r\u0105 mo\u017cliwe jest utworzenie przed\u0142u\u017cenia ul. Kalendarzowej znajduje si\u0119 cenne przyrodniczo oczko wodne z chronionymi gatunkami. Dzia\u0142ki 29\/1 oraz 29\/2 z tego samego obr\u0119bu zosta\u0142yby pozbawione swobodnego wyjazdu na teren zamieszkania. Nowy ci\u0105g komunikacyjny stanowi\u0142by objazd dla takich ulic jak Mehoffera czy Pomorska. Generowa\u0142by ha\u0142as i w znacznym stopniu pogorszy\u0142by komfort \u017cycia mieszka\u0144c\u00f3w.<\/p>\n<p>Przeznaczenie dzia\u0142ki 18\/2 z obr\u0119bu 4-03-20 jako strefa <strong>SJ<\/strong> o profilu podstawowym zabudowy jednorodzinnej bez mo\u017cliwo\u015bci us\u0142ug.<\/p>\n<p>Przeznaczenie dzia\u0142ki 38 z obr\u0119bu 4-03-20 jako strefa <strong>SN<\/strong> o profilu terenu zieleni naturalnej.<\/p>\n<p>Przeznaczenie ulicy Pomorskiej na odcinku le\u015bnym, tj. od ulicy Maluch\u00f3w do ulicy Majolikowej, jako drog\u0119 dojazdow\u0105 KD-D o dotychczasowej szeroko\u015bci. Dotyczy dzia\u0142ek 147\/50, 147\/49, 147\/48, 147\/47, 147\/46 z obr\u0119bu 4-03-20.<\/p>\n<p>Wyznaczenie ci\u0105gu ulicy Modli\u0144skiej jej szeroko\u015bci wraz z ewentualnymi nasadzeniami na odcinku od numeru 249 do 257 w obecnej szeroko\u015bci na wysoko\u015bci numeru 257. Na tym odcinku usytuowane s\u0105 domy jednorodzinne, wielopokoleniowe od lat 50-tych, z drobn\u0105, rodzinn\u0105 dzia\u0142alno\u015bci\u0105 us\u0142ugow\u0105. Nie ma mo\u017cliwo\u015bci, aby w tym rejonie by\u0142a prowadzona dzia\u0142alno\u015b\u0107 us\u0142ugowa w wysokiej zabudowie.<\/p>\n<p>Pozostawienie Lasu Anecin o profilu tereny le\u015bne w strefie <strong>SN<\/strong>. Jest to enklawa przyrody w \u015brodku dzielnicy, z wydm\u0105 podlegaj\u0105c\u0105 ochronie. Bia\u0142o\u0142\u0119ka jest zielonymi p\u0142ucami Warszawy i takie miejsca nie mog\u0105 znikn\u0105\u0107 w stolicy.<\/p>\n<p>Przeznaczenie dzia\u0142ki 5\/3 obr\u0119b 4-03-19 jako terenu przestrzeni publicznej z mo\u017cliwo\u015bci\u0105 parkingu dla budynku Modli\u0144ska 257.<\/p>\n<p style=\"text-align: justify;\"><strong>SJ:<\/strong>&nbsp; obszar przy ul. K\u0119pa Tarchomi\u0144ska przeznaczy\u0107 na zabudow\u0119 jednorodzinn\u0105 (dzia\u0142ka pod dom min. 1500 m2).<\/p>\n<p style=\"text-align: justify;\"><strong><br>Wschodnia Bia\u0142o\u0142\u0119ka (Brzeziny, Grodzisk, Kobia\u0142ka)<\/strong><\/p>\n<p style=\"text-align: justify;\"><strong>SN &#8211;<\/strong>&nbsp; dzia\u0142ki Skarbu Pa\u0144stwa 19\/31, 19\/33, 19\/35 z obr\u0119bu 41616 przy ul. Bia\u0142o\u0142\u0119ckiej przeznaczy\u0107 na teren us\u0142ug sportu i rekreacji ze stref\u0105 sport\u00f3w wodnych.<\/p>\n<p style=\"text-align: justify;\"><strong>SK &#8211;<\/strong> nale\u017cy przewidzie\u0107 stworzenie ci\u0105gu pieszo-rowerowego oraz parku linearnego wzd\u0142u\u017c rowu brzezi\u0144skiego.<\/p>\n<p style=\"text-align: justify;\"><strong>SN &#8211;<\/strong> dzia\u0142ki przy ul. Kartograficznej (3\/181, 3\/183) \u2013 w\u0142asno\u015b\u0107 Skarb Pa\u0144stwa, teren nale\u017cy przeznaczy\u0107 na publiczne tereny zieleni.<\/p>\n<p style=\"text-align: justify;\"><strong>SN &#8211;<\/strong> dzia\u0142k\u0119 przy ul. Siecznej nr 3\/77 obr\u0119b 41638 nale\u017cy przeznaczy\u0107 na publiczne tereny zieleni i urz\u0105dzone tereny rekreacyjne.<\/p>\n<p style=\"text-align: justify;\"><strong>SK &#8211;<\/strong> nale\u017cy przewidzie\u0107 stworzenie ci\u0105gu pieszo-rowerowego oraz parku linearnego wzd\u0142u\u017c Kana\u0142u Br\u00f3dnowskiego.<\/p>\n<p style=\"text-align: justify;\"><strong>SK <\/strong>\u2013 zabezpieczenie terenu pod p\u0119tl\u0119 tramwajow\u0105 w TOG przy ul. Ruskowy Br\u00f3d dzia\u0142ka m. st. Warszawy nr 51\/1, 51\/2, 51\/3, 51\/4,&nbsp; 49\/1 z obr\u0119bu 41613 b\u0105d\u017a&nbsp; przy ul. Olesin dzia\u0142ka m. st. Warszawy nr 37\/1, 37\/3&nbsp; z obr\u0119bu 41603.<\/p>\n<p style=\"text-align: justify;\"><strong>SN &#8211;<\/strong> dzia\u0142ka Skarbu Pa\u0144stwa nr 29 obr\u0119b 40707 przy ul. Echa Le\u015bne \u2013 nale\u017cy przeznaczy\u0107 na teren nauki, edukacji, kultury i rozrywki, zdrowia i pomocy spo\u0142ecznej. &nbsp;<\/p>\n<p style=\"text-align: justify;\"><strong>SN &#8211;<\/strong> dzia\u0142ka m. st. Warszawy nr 33 obr\u0119b 40706 przy ul. Echa Le\u015bne \u2013 nale\u017cy przeznaczy\u0107 na tereny zieleni urz\u0105dzonej, kt\u00f3rych brakuje na tym obszarze.<\/p>\n<p style=\"text-align: justify;\"><strong>SN &#8211;<\/strong>&nbsp; dzia\u0142ka Skarbu Pa\u0144stwa nr 6 obr\u0119b 40711 i dzia\u0142ka m. st. Warszawy nr 9 i 10\/10 obr\u0119b 40711 \u2013 nale\u017cy przeznaczy\u0107 na us\u0142ugi edukacji w celu budowy szko\u0142y podstawowej dla Brzezin. Szko\u0142a podstawowa przy Juranda ze Spychowa jest przepe\u0142niona prawie dwukrotnie.<\/p>\n<p style=\"text-align: justify;\"><strong>SJ<\/strong> \u2013 zabezpieczenie obecnie niezabudowanych teren\u00f3w w MSI Brzeziny, Kobia\u0142ka i Grodzisk na zabudow\u0119 jednorodzinn\u0105. Brak zgody na dog\u0119szczanie zabudow\u0105 typu \u201ewille miejskie\u201d, b\u0119d\u0105c\u0105 zabudow\u0105 wielorodzinn\u0105.<\/p>\n<p style=\"text-align: justify;\"><strong>SK<\/strong> \u2013 nale\u017cy przewidzie\u0107 stworzenie parku linearnego wzd\u0142u\u017c trasy S8 na odcinku od ul. G\u0142\u0119bockiej do Geodezyjnej pe\u0142ni\u0105cego funkcj\u0119 zieleni izolacyjnej chroni\u0105cej przed hasa\u0142em drogowym.<\/p>\n<p style=\"text-align: justify;\"><strong>SU<\/strong> \u2013 rejon ul. Annopol, \u017berania Przemys\u0142owego, Szlacheckiej, Winnicy przeznaczy\u0107 na powierzchnie biurowe, tworz\u0105c nowe miejsca pracy wraz z terenami kultury i sportu.<\/p>\n<p style=\"text-align: justify;\"><strong>&nbsp;<\/strong><\/p>\n<p style=\"text-align: justify;\"><strong>\u017bera\u0144<\/strong><\/p>\n<p style=\"text-align: justify;\"><strong>SW<\/strong> &#8211; przeprowadzenie analizy faktycznych i d\u0142ugofalowych skutk\u00f3w ekonomicznych wprowadzania nowych obszar\u00f3w wielofunkcyjnych z zabudow\u0105 mieszkaniow\u0105 wielorodzinn\u0105. W projekcie nowego studium m.st. Warszawy m.in. na obszarach Starych \u015awidr\u00f3w, Polfy, Portu \u017bera\u0144skiego zosta\u0142a zaproponowana nowa, intensywna zabudowa wielorodzinna dla ok. 30 tys. mieszka\u0144c\u00f3w. Jednocze\u015bnie, jak wynika\u0142o z opracowanych na zlecenie Biura Architektury i Planowania Przestrzennego masterplan\u00f3w, wymaga\u0142aby ona budowy \u0142\u0105cznie kilkunastu plac\u00f3wek o\u015bwiatowych oraz zapewnienia infrastruktury spo\u0142ecznej i transportowej.<\/p>\n<p style=\"text-align: justify;\"><strong>SW <\/strong>&#8211; Wyznaczenie przy ul. Kaczorowej rezerwy terenu z przeznaczeniem m.in. na parking. Obecnie wydawane przez Biuro Architektury i Planowania przestrzennego warunki zabudowy dla tego obszaru nie uwzgl\u0119dniaj\u0105 bowiem realizacji og\u00f3lnodost\u0119pnych miejsc parkingowych.<\/p>\n<p style=\"text-align: justify;\"><strong>SN <\/strong>&#8211; Przeznaczenie terenu dawnego sk\u0142adowiska popio\u0142\u00f3w z Elektrociep\u0142owni \u017bera\u0144 na teren zieleni i rekreacji, z naciskiem na us\u0142ugi sportu i rekreacji na terenie pierwszej kwatery od strony ul. My\u015bliborskiej.<\/p>\n<p style=\"text-align: justify;\"><strong>SN<\/strong> &#8211; Przeznaczenie nale\u017c\u0105cych do m.st. Warszawy teren\u00f3w pomi\u0119dzy tras\u0105 S8 i Elektrociep\u0142owni\u0105 \u017bera\u0144 na teren zieleni i rekreacji, z naciskiem na us\u0142ugi sportu i rekreacji, aby umo\u017cliwi\u0107 budow\u0119 pe\u0142nowymiarowego boiska pi\u0142karskiego wraz z bie\u017cni\u0105 i infrastruktur\u0105 towarzysz\u0105c\u0105. Bia\u0142o\u0142\u0119ka jako blisko 200-tysi\u0119czna dzielnica nie ma takiego obiektu, kt\u00f3ry pozwoli\u0142by tak\u017ce na odci\u0105\u017cenie istniej\u0105cego boiska orlik oraz boisk szkolnych.<\/p>\n<p style=\"text-align: justify;\"><strong>SN<\/strong> &#8211; Uwzgl\u0119dnienie na terenach pomi\u0119dzy ul. Ekspresow\u0105, Polf\u0105 Tarchomin, ul. Modli\u0144sk\u0105 i ul. P\u0142ochoci\u0144sk\u0105 teren\u00f3w z przeznaczeniem na us\u0142ugi edukacji o powierzchni umo\u017cliwiaj\u0105cej budow\u0119 dw\u00f3ch du\u017cych szk\u00f3\u0142 lub zespo\u0142\u00f3w szkolno-przedszkolnych (zgodnie ze Standardami architektonicznymi i funkcjonalnymi dla szk\u00f3\u0142 podstawowych i zespo\u0142\u00f3w szkolno-przedszkolnych m.st. Warszawy), a tak\u017ce umo\u017cliwiaj\u0105cej realizacj\u0119 szko\u0142y ponadpodstawowej. Na zlecenie Biura Architektury i Planowania Przestrzennego zosta\u0142 przygotowany masterplan dla teren\u00f3w Polfy Tarchomin, w kt\u00f3rym zosta\u0142a wskazana konieczno\u015b\u0107 budowy przynajmniej dw\u00f3ch szk\u00f3\u0142, st\u0105d te\u017c konieczno\u015b\u0107 zabezpieczenia pod nie rezerw terenu.<\/p>\n<p style=\"text-align: justify;\"><strong>SN<\/strong> &#8211; Uwzgl\u0119dnienie na terenach pomi\u0119dzy ul. Ekspresow\u0105, Polf\u0105 Tarchomin, ul. Modli\u0144sk\u0105 i ul. P\u0142ochoci\u0144sk\u0105 teren\u00f3w na us\u0142ugi kultury i rozrywki o powierzchni umo\u017cliwiaj\u0105cej utworzenie centrum kulturalno-o\u015bwiatowego jako filii BOK, pe\u0142ni\u0105cego tak\u017ce funkcj\u0119 centrum lokalnego. Na zlecenie Biura Architektury i Planowania Przestrzennego zosta\u0142 przygotowany masterplan dla teren\u00f3w Polfy Tarchomin, w kt\u00f3rym zosta\u0142a wskazana konieczno\u015b\u0107 zrealizowania w tym miejscu obiektu o takiej funkcji oraz o wymiarze ponadlokalnym.<\/p>\n<p style=\"text-align: justify;\"><strong>SN<\/strong> &#8211; Uwzgl\u0119dnienie na terenach pomi\u0119dzy Polf\u0105 Tarchomin a ulic\u0105 Ekspresow\u0105 oraz skrzy\u017cowaniem ul. Modli\u0144skiej i ul. P\u0142ochoci\u0144skiej teren\u00f3w zieleni i rekreacji o powierzchni umo\u017cliwiaj\u0105cej utworzenie nowego parku. Nale\u017cy podkre\u015bli\u0107, i\u017c na zlecenie Biura Architektury i Planowania Przestrzennego zosta\u0142 przygotowany masterplan dla teren\u00f3w Polfy Tarchomin, w kt\u00f3rym zosta\u0142a wskazana konieczno\u015b\u0107 zrealizowania w tym miejscu terenu zieleni o powierzchni min. 1,7 ha.<\/p>\n<p style=\"text-align: justify;\"><strong>SN<\/strong> &#8211; Wyznaczenie terenu us\u0142ug sportu i rekreacji na ca\u0142o\u015bci powierzchni dzia\u0142ek 73\/1, 73\/2, 73\/3, 73\/4, 73\/5 i 75 z obr\u0119bu 40635 przy ul. Fleminga, aby obejmowa\u0142 on pe\u0142en obszar obecnych boisk oraz infrastruktury sportowej &#8211; zgodnie z projektem miejscowego planu zagospodarowania Trasy Mostu P\u00f3\u0142nocnego.<\/p>\n<p style=\"text-align: justify;\"><strong>SN<\/strong> &#8211; Uwzgl\u0119dnienie na terenach pomi\u0119dzy Tras\u0105 Mostu P\u00f3\u0142nocnego, ul. My\u015bliborsk\u0105 i Wis\u0142\u0105 teren\u00f3w na us\u0142ugi edukacji o powierzchni umo\u017cliwiaj\u0105cej budow\u0119 trzech du\u017cych szk\u00f3\u0142 podstawowych (zgodnie ze Standardami architektonicznymi i funkcjonalnymi dla szk\u00f3\u0142 podstawowych i zespo\u0142\u00f3w szkolno-przedszkolnych m.st. Warszawy) oraz szko\u0142y \u015bredniej. Na zlecenie Biura Architektury i Planowania Przestrzennego zosta\u0142 przygotowany masterplan dla teren\u00f3w Starych \u015awidr\u00f3w, w kt\u00f3rym zosta\u0142a wskazana konieczno\u015b\u0107 budowy trzech nowych szk\u00f3\u0142 podstawowych i szko\u0142y \u015bredniej, st\u0105d te\u017c konieczno\u015b\u0107 zabezpieczenia pod nie rezerw terenu.<\/p>\n<p style=\"text-align: justify;\"><strong>SN<\/strong> &#8211; Uwzgl\u0119dnienie na terenach pomi\u0119dzy Tras\u0105 Mostu P\u00f3\u0142nocnego, ul. My\u015bliborsk\u0105 i Wis\u0142\u0105 teren\u00f3w na us\u0142ugi edukacji o powierzchni umo\u017cliwiaj\u0105cej budow\u0119 dziewi\u0119ciu przedszkoli i \u017c\u0142obk\u00f3w (zgodnie ze Standardami architektonicznymi i funkcjonalnymi). Na zlecenie Biura Architektury i Planowania Przestrzennego zosta\u0142 przygotowany masterplan dla teren\u00f3w Starych \u015awidr\u00f3w, w kt\u00f3rym zosta\u0142a wskazana konieczno\u015b\u0107 budowy \u0142\u0105cznie dziewi\u0119ciu takich plac\u00f3wek, st\u0105d te\u017c konieczno\u015b\u0107 zabezpieczenia pod nie rezerw terenu.<\/p>\n<p style=\"text-align: justify;\"><strong>SN<\/strong> &#8211; Uwzgl\u0119dnienie na terenach pomi\u0119dzy Tras\u0105 Mostu P\u00f3\u0142nocnego, ul. My\u015bliborsk\u0105 i Wis\u0142\u0105 teren\u00f3w na us\u0142ugi zdrowia i pomocy spo\u0142ecznej o powierzchni umo\u017cliwiaj\u0105cej budow\u0119 przychodni lub\/i szpitala. Nale\u017cy podkre\u015bli\u0107, i\u017c na zlecenie Biura Architektury i Planowania Przestrzennego zosta\u0142 przygotowany masterplan dla teren\u00f3w Starych \u015awidr\u00f3w, w kt\u00f3rym zosta\u0142a wskazana konieczno\u015b\u0107 budowy dw\u00f3ch plac\u00f3wek ochrony zdrowia, st\u0105d te\u017c konieczno\u015b\u0107 zabezpieczenia pod nie rezerw terenu.<\/p>\n<p style=\"text-align: justify;\"><strong>SN<\/strong> &#8211; Uwzgl\u0119dnienie na terenach pomi\u0119dzy Tras\u0105 Mostu P\u00f3\u0142nocnego, ul. My\u015bliborsk\u0105 i Wis\u0142\u0105 teren\u00f3w na us\u0142ugi sportu i rekreacji&nbsp; o powierzchni umo\u017cliwiaj\u0105cej budow\u0119 przynajmniej jednego boiska typu orlik. Nale\u017cy podkre\u015bli\u0107, i\u017c na zlecenie Biura Architektury i Planowania Przestrzennego zosta\u0142 przygotowany masterplan dla teren\u00f3w Starych \u015awidr\u00f3w, w kt\u00f3rym zosta\u0142a wskazana konieczno\u015b\u0107 budowy czterech boisk, st\u0105d te\u017c konieczno\u015b\u0107 zabezpieczenia pod nie rezerw terenu.<\/p>\n<p style=\"text-align: justify;\"><strong>SN<\/strong> &#8211; Przeznaczenie teren\u00f3w przy ul. My\u015bliborskiej, w tym rejonie SP 118 (dzia\u0142ki 100\/1, 100\/2, 101, 96\/4, 96\/6, 104\/1, 106\/3, 106\/6 i cz\u0119\u015bciowo 98\/3, 98\/4, 98\/5 z obr\u0119bu 40631) na ziele\u0144 i rekreacj\u0119, zgodnie z masterplanem dla Starych \u015awidr\u00f3w, przygotowanym na zlecenie Biura Architektury i Planowania Przestrzennego.<\/p>\n<p style=\"text-align: justify;\"><strong>SJ <\/strong>&#8211; Utrzymanie istniej\u0105cej i realizowanej funkcji zabudowy jednorodzinnej na terenach przy ul. Familijnej, Laurowej, Leszczynowej, Miroci\u0144skiej, Piechockiej i Portowej (dla cz\u0119\u015bci nieobj\u0119tej MPZP), gdzie zgodnie z obowi\u0105zuj\u0105cym studium dominuje zabudowa jednorodzinna. Wprowadzanie tam zabudowy wielorodzinnej b\u0119dzie prowadzi\u0107 do konflikt\u00f3w spo\u0142ecznych &#8211; tym bardziej, i\u017c ten teren nie jest obj\u0119ty miejscowym planem zagospodarowania przestrzennego. W znacznej cz\u0119\u015bci nie posiada tak\u017ce podstawowych medi\u00f3w, w tym kanalizacji.<\/p>\n<p style=\"text-align: justify;\"><strong>SJ <\/strong>&#8211; Utrzymanie istniej\u0105cej i realizowanej funkcji zabudowy jednorodzinnej na terenach w rejonie ul. \u017byczliwej, P\u0142u\u017cnickiej, Prza\u015bnej i Kasztanowej &#8211; zgodnie z obowi\u0105zuj\u0105cym miejscowym planem zagospodarowania przestrzennego.<\/p>\n<p style=\"text-align: justify;\"><strong>SJ <\/strong>&#8211; Utrzymanie istniej\u0105cej i realizowanej funkcji zabudowy jednorodzinnej na terenach w rejonie ul. Konwaliowej, Delfina, Dorodnej i My\u015bliborskiej, gdzie istnieje zabudowa jednorodzinna i wprowadzanie tam zabudowy wielorodzinnej b\u0119dzie prowadzi\u0107 do konflikt\u00f3w spo\u0142ecznych \u2013 tym bardziej, i\u017c ten teren nie jest obj\u0119ty miejscowym planem zagospodarowania przestrzennego. Nie posiada tak\u017ce podstawowych medi\u00f3w, w tym kanalizacji, a ulica Konwaliowa wymaga kompleksowego remontu.<\/p>\n<p style=\"text-align: justify;\"><strong>SJ <\/strong>&#8211; Przeznaczenie teren\u00f3w w rejonie ul. Zarzecze, Go\u0142dapskiej, Delfina pod zabudow\u0119 jednorodzinn\u0105, zgodnie z realizowan\u0105 funkcj\u0105 zabudowy jednorodzinnej w rejonie ul. Delfina, Konwaliowej.<\/p>\n<p style=\"text-align: justify;\"><strong>SN &#8211;<\/strong> Przeznaczenie ca\u0142o\u015bci terenu dzia\u0142ki 19\/4 z obr\u0119bu 40632 przy ul. Portowej na ziele\u0144 i rekreacj\u0119, zgodnie z projektem studium.<\/p>\n<p style=\"text-align: justify;\"><strong>SN <\/strong>&#8211; Ustanowienie ogrod\u00f3w dzia\u0142kowych przy ul. Ku Rzece i Delfina jako terenu zieleni i rekreacji, z profilem dodatkowym us\u0142ug edukacji dla \u017c\u0142obka przy ul. Ku Rzece.<\/p>\n<p style=\"text-align: justify;\"><strong>SI<\/strong> &#8211; Uwzgl\u0119dnienie jako teren\u00f3w infrastruktury technicznej istniej\u0105cej stacji pomp \u201e\u017bera\u0144\u201d oraz teren\u00f3w, na kt\u00f3ry znajduje si\u0119 infrastruktura MPWiK, obejmuj\u0105ca obiekt \u201e\u015awiderska\u201d i ruroci\u0105gi do oczyszczalni \u201eCzajka\u201d.<\/p>\n<p style=\"text-align: justify;\"><strong>SN &#8211;<\/strong> Ustanowienie terenu na us\u0142ugi edukacji w rejonie ulic \u0141opianowej, Krzy\u017c\u00f3wki i 7KD-D (bez nazwy), aby zabezpieczy\u0107 rezerw\u0119 pod budow\u0119 szko\u0142y podstawowej\/zespo\u0142u szkolno-przedszkolnego, kt\u00f3ra nie zosta\u0142a przewidziana w uchwalonym MPZP rejonu Morelowej i Kowalczyka. W zwi\u0105zku z bardzo intensywn\u0105 zabudow\u0105 wielorodzinn\u0105 w tym rejonie &#8211; istniej\u0105c\u0105 i planowan\u0105 &#8211; konieczna jest budowa nowej szko\u0142y podstawowej lub\/i zespo\u0142u szkolno-przedszkolnego.<\/p>\n<p style=\"text-align: justify;\"><strong>SN &#8211;<\/strong> Bezwzgl\u0119dne wy\u0142\u0105czenie z zabudowy mieszkaniowej wielorodzinnej nale\u017c\u0105cych do m.st. Warszawy teren\u00f3w zieleni w Porcie \u017bera\u0144skim, w tym dzia\u0142ek 24, 33, 49\/1, 54\/1 z obr\u0119bu 40611 oraz wszystkich teren\u00f3w na tym obszarze nale\u017c\u0105cych do m.st. Warszawy.<\/p>\n<p style=\"text-align: justify;\"><strong>SN &#8211;<\/strong> Przeznaczenie ca\u0142o\u015bci terenu Portu \u017bera\u0144skiego na ziele\u0144 i rekreacj\u0119 z dopuszczeniem us\u0142ug powszechnych i us\u0142ug sportu &#8211; w tym na terenie przystani przy Modli\u0144skiej 16 &#8211; zgodnie z wynikami zorganizowanych przez m.st. Warszaw\u0119 konsultacji spo\u0142ecznych.<\/p>\n<p style=\"text-align: justify;\"><strong>SN &#8211; <\/strong>Uwzgl\u0119dnienie jako ostoi bior\u00f3\u017cnorodno\u015bci \u015brodkowego basenu portowego w Porcie \u017bera\u0144skim, zgodnie z wynikami analiz i ekspertyz przeprowadzonych przez Biuro Ochrony \u015arodowiska m.st. Warszawy.<\/p>\n<p style=\"text-align: justify;\"><strong>SN &#8211; <\/strong>Przeznaczenie ca\u0142o\u015bci dzia\u0142ki 14\/3 oraz cz\u0119\u015bci dzia\u0142ki 14\/57 z obr\u0119bu 40702 (obie nale\u017c\u0105ce do m.st. Warszawy) w rejonie ul. Marywilskiej na us\u0142ugi edukacji o powierzchni umo\u017cliwiaj\u0105cej budow\u0119 szko\u0142y podstawowej, zespo\u0142u szkolno-przedszkolnego lub szko\u0142y ponadpodstawowej, aby zabezpieczy\u0107 rezerw\u0119 m.in. pod funkcje o\u015bwiatowe w zwi\u0105zku z bardzo intensywn\u0105 zabudow\u0105 wielorodzinn\u0105 w tym rejonie &#8211; istniej\u0105c\u0105 i planowan\u0105.<\/p>\n<p style=\"text-align: justify;\"><strong>SN <\/strong>&#8211; Przeznaczenie ca\u0142o\u015bci dzia\u0142ek 14\/18 i 14\/147 (obie nale\u017c\u0105ce do m.st. Warszawy) przy ul. Kaczorowej pod us\u0142ugi edukacji, aby zabezpieczy\u0107 rezerw\u0119 m.in. na funkcje o\u015bwiatowe w zwi\u0105zku z bardzo intensywn\u0105 zabudow\u0105 wielorodzinn\u0105 w tym rejonie &#8211; istniej\u0105c\u0105 i planowan\u0105.<\/p>\n<p style=\"text-align: justify;\"><strong>SN <\/strong>&#8211; Rozszerzenie obszaru zieleni i rekreacji w rejonie ul. Marywilskiej o teren dawnej bocznicy kolejowej, aby utworzy\u0107 na nim park linearny.<\/p>\n<p style=\"text-align: justify;\">&nbsp;<\/p>\n\n\n<p><\/p>\n","protected":false},"excerpt":{"rendered":"<p>Do 30 wrze\u015bnia 2024 r. trwaj\u0105 konsultacje projektu strategii rozwoju Warszawy 2040+ oraz sk\u0142adanie wniosk\u00f3w do planu og\u00f3lnego: Wype\u0142nij ankiet\u0119 na temat priorytet\u00f3w rozwoju miasta Wyniki ankiety pomog\u0105 uaktualni\u0107 polityk\u0119 rozwoju naszego miasta na najbli\u017csze 20 lat. Z\u0142\u00f3\u017c wniosek do planu og\u00f3lnego a) Wype\u0142nij i z\u0142\u00f3\u017c wniosek poprzez formularz online na tej stronie \u2013 w [&hellip;]<\/p>\n","protected":false},"author":2,"featured_media":21569,"comment_status":"closed","ping_status":"closed","sticky":false,"template":"","format":"standard","meta":{"ngg_post_thumbnail":0,"footnotes":""},"categories":[26,30,28,29,24,147,25],"tags":[15,20],"class_list":["post-21773","post","type-post","status-publish","format-standard","has-post-thumbnail","hentry","category-klub-radnych","category-komunikacja","category-ochrona-srodowiska","category-ochrona-zdrowia","category-oswiata","category-planowanie-przestrzenne","category-samorzad","tag-bialoleka","tag-razem-dla-bialoleki"],"_links":{"self":[{"href":"http:\/\/razemdlabialoleki.waw.pl\/index.php?rest_route=\/wp\/v2\/posts\/21773","targetHints":{"allow":["GET"]}}],"collection":[{"href":"http:\/\/razemdlabialoleki.waw.pl\/index.php?rest_route=\/wp\/v2\/posts"}],"about":[{"href":"http:\/\/razemdlabialoleki.waw.pl\/index.php?rest_route=\/wp\/v2\/types\/post"}],"author":[{"embeddable":true,"href":"http:\/\/razemdlabialoleki.waw.pl\/index.php?rest_route=\/wp\/v2\/users\/2"}],"replies":[{"embeddable":true,"href":"http:\/\/razemdlabialoleki.waw.pl\/index.php?rest_route=%2Fwp%2Fv2%2Fcomments&post=21773"}],"version-history":[{"count":7,"href":"http:\/\/razemdlabialoleki.waw.pl\/index.php?rest_route=\/wp\/v2\/posts\/21773\/revisions"}],"predecessor-version":[{"id":21784,"href":"http:\/\/razemdlabialoleki.waw.pl\/index.php?rest_route=\/wp\/v2\/posts\/21773\/revisions\/21784"}],"wp:featuredmedia":[{"embeddable":true,"href":"http:\/\/razemdlabialoleki.waw.pl\/index.php?rest_route=\/wp\/v2\/media\/21569"}],"wp:attachment":[{"href":"http:\/\/razemdlabialoleki.waw.pl\/index.php?rest_route=%2Fwp%2Fv2%2Fmedia&parent=21773"}],"wp:term":[{"taxonomy":"category","embeddable":true,"href":"http:\/\/razemdlabialoleki.waw.pl\/index.php?rest_route=%2Fwp%2Fv2%2Fcategories&post=21773"},{"taxonomy":"post_tag","embeddable":true,"href":"http:\/\/razemdlabialoleki.waw.pl\/index.php?rest_route=%2Fwp%2Fv2%2Ftags&post=21773"}],"curies":[{"name":"wp","href":"https:\/\/api.w.org\/{rel}","templated":true}]}}