{"id":21073,"date":"2024-04-01T13:04:44","date_gmt":"2024-04-01T12:04:44","guid":{"rendered":"https:\/\/razemdlabialoleki.waw.pl\/?p=21073"},"modified":"2024-04-01T13:04:46","modified_gmt":"2024-04-01T12:04:46","slug":"tramwaj-na-zielona-bialoleke-wizualizacje","status":"publish","type":"post","link":"http:\/\/razemdlabialoleki.waw.pl\/?p=21073","title":{"rendered":"Tramwaj na Zielon\u0105 Bia\u0142o\u0142\u0119k\u0119 [WIZUALIZACJE]"},"content":{"rendered":"<p style=\"text-align: justify;\">Sp\u00f3\u0142ka Tramwaje Warszawskie og\u0142osi\u0142a 7 marca 2024 r. post\u0119powanie na opracowanie dokumentacji projektowej wraz z pozyskaniem decyzji umo\u017cliwiaj\u0105cych rozpocz\u0119cie i realizacj\u0119 rob\u00f3t budowlanych.<br><br>W ramach ww. zam\u00f3wienia, wybrany wykonawca b\u0119dzie mie\u0107 42 m-ce na opracowanie koncepcyjnych wariant\u00f3w rozwi\u0105za\u0144 komunikacyjnych w zakresie wyznaczonej trasy. Na tej podstawie zostanie wybrany wariant docelowy, wed\u0142ug kt\u00f3rego wykonawca zobowi\u0105zany b\u0119dzie do opracowania docelowej dokumentacji projektowej.<br><br>Oznacza to, \u017ce w pierwszym etapie wykonawca wykona analiz\u0119 obs\u0142ugi komunikacyjnej po\u0142\u0105czenia wschodniej cz\u0119\u015bci Bia\u0142o\u0142\u0119ki ze stacj\u0105 metra Kondratowicza (z uwzgl\u0119dnieniem mo\u017cliwo\u015bci wykorzystania wsp\u00f3lnej trasy tramwajowo-autobusowej). Warianty wska\u017c\u0105 mo\u017cliwo\u015bci realizacji z ocen\u0105 ich op\u0142acalno\u015bci. W za\u0142o\u017ceniu ma powsta\u0107 szybki tramwaj z metra Kondratowicza na Bia\u0142o\u0142\u0119k\u0119.<br><br>Kolejny krok po wyborze jednego z trzech wariant\u00f3w to opracowanie projekt\u00f3w budowlanych. B\u0119d\u0105 to projekty architektoniczno\u2013budowlane i projekty wykonawcze dla samej trasy tramwajowej oraz pozosta\u0142ej infrastruktury.<br><br>Wykonawca opracuje tak\u017ce dokumenty wymagane do pozyskania decyzji pozwalaj\u0105cych na rozpocz\u0119cie rob\u00f3t budowlanych, w tym raport ponownej oceny oddzia\u0142ywania inwestycji na \u015brodowisko.<br><br>Oczekuje si\u0119 r\u00f3wnie\u017c zamkni\u0119cia wszystkich formalno\u015bci administracyjnych zwi\u0105zanych z wydaniem decyzji, zatwierdze\u0144, opinii i pozwole\u0144.<img loading=\"lazy\" decoding=\"async\" class=\"aligncenter size-full wp-image-21085\" src=\"http:\/\/razemdlabialoleki.waw.pl\/wp-content\/uploads\/2024\/04\/WIZUALIZACJA-1-scaled.jpg\" alt=\"\" width=\"2560\" height=\"1810\" srcset=\"http:\/\/razemdlabialoleki.waw.pl\/wp-content\/uploads\/2024\/04\/WIZUALIZACJA-1-scaled.jpg 2560w, http:\/\/razemdlabialoleki.waw.pl\/wp-content\/uploads\/2024\/04\/WIZUALIZACJA-1-300x212.jpg 300w, http:\/\/razemdlabialoleki.waw.pl\/wp-content\/uploads\/2024\/04\/WIZUALIZACJA-1-1024x724.jpg 1024w, http:\/\/razemdlabialoleki.waw.pl\/wp-content\/uploads\/2024\/04\/WIZUALIZACJA-1-768x543.jpg 768w, http:\/\/razemdlabialoleki.waw.pl\/wp-content\/uploads\/2024\/04\/WIZUALIZACJA-1-1536x1086.jpg 1536w, http:\/\/razemdlabialoleki.waw.pl\/wp-content\/uploads\/2024\/04\/WIZUALIZACJA-1-2048x1448.jpg 2048w\" sizes=\"auto, (max-width: 2560px) 100vw, 2560px\" \/> <img loading=\"lazy\" decoding=\"async\" class=\"aligncenter size-full wp-image-21086\" src=\"http:\/\/razemdlabialoleki.waw.pl\/wp-content\/uploads\/2024\/04\/WIZUALIZACJA-2-scaled.jpg\" alt=\"\" width=\"2560\" height=\"1810\" srcset=\"http:\/\/razemdlabialoleki.waw.pl\/wp-content\/uploads\/2024\/04\/WIZUALIZACJA-2-scaled.jpg 2560w, http:\/\/razemdlabialoleki.waw.pl\/wp-content\/uploads\/2024\/04\/WIZUALIZACJA-2-300x212.jpg 300w, http:\/\/razemdlabialoleki.waw.pl\/wp-content\/uploads\/2024\/04\/WIZUALIZACJA-2-1024x724.jpg 1024w, http:\/\/razemdlabialoleki.waw.pl\/wp-content\/uploads\/2024\/04\/WIZUALIZACJA-2-768x543.jpg 768w, http:\/\/razemdlabialoleki.waw.pl\/wp-content\/uploads\/2024\/04\/WIZUALIZACJA-2-1536x1086.jpg 1536w, http:\/\/razemdlabialoleki.waw.pl\/wp-content\/uploads\/2024\/04\/WIZUALIZACJA-2-2048x1448.jpg 2048w\" sizes=\"auto, (max-width: 2560px) 100vw, 2560px\" \/> <img loading=\"lazy\" decoding=\"async\" class=\"aligncenter size-full wp-image-21087\" src=\"http:\/\/razemdlabialoleki.waw.pl\/wp-content\/uploads\/2024\/04\/WIZUALIZACJA-3-scaled.jpg\" alt=\"\" width=\"2560\" height=\"1810\" srcset=\"http:\/\/razemdlabialoleki.waw.pl\/wp-content\/uploads\/2024\/04\/WIZUALIZACJA-3-scaled.jpg 2560w, http:\/\/razemdlabialoleki.waw.pl\/wp-content\/uploads\/2024\/04\/WIZUALIZACJA-3-300x212.jpg 300w, http:\/\/razemdlabialoleki.waw.pl\/wp-content\/uploads\/2024\/04\/WIZUALIZACJA-3-1024x724.jpg 1024w, http:\/\/razemdlabialoleki.waw.pl\/wp-content\/uploads\/2024\/04\/WIZUALIZACJA-3-768x543.jpg 768w, http:\/\/razemdlabialoleki.waw.pl\/wp-content\/uploads\/2024\/04\/WIZUALIZACJA-3-1536x1086.jpg 1536w, http:\/\/razemdlabialoleki.waw.pl\/wp-content\/uploads\/2024\/04\/WIZUALIZACJA-3-2048x1448.jpg 2048w\" sizes=\"auto, (max-width: 2560px) 100vw, 2560px\" \/> <img loading=\"lazy\" decoding=\"async\" class=\"aligncenter size-full wp-image-21088\" src=\"http:\/\/razemdlabialoleki.waw.pl\/wp-content\/uploads\/2024\/04\/30.01.04.01.01-scaled.jpg\" alt=\"\" width=\"2560\" height=\"1421\" srcset=\"http:\/\/razemdlabialoleki.waw.pl\/wp-content\/uploads\/2024\/04\/30.01.04.01.01-scaled.jpg 2560w, http:\/\/razemdlabialoleki.waw.pl\/wp-content\/uploads\/2024\/04\/30.01.04.01.01-300x167.jpg 300w, http:\/\/razemdlabialoleki.waw.pl\/wp-content\/uploads\/2024\/04\/30.01.04.01.01-1024x569.jpg 1024w, http:\/\/razemdlabialoleki.waw.pl\/wp-content\/uploads\/2024\/04\/30.01.04.01.01-768x426.jpg 768w, http:\/\/razemdlabialoleki.waw.pl\/wp-content\/uploads\/2024\/04\/30.01.04.01.01-1536x853.jpg 1536w, http:\/\/razemdlabialoleki.waw.pl\/wp-content\/uploads\/2024\/04\/30.01.04.01.01-2048x1137.jpg 2048w\" sizes=\"auto, (max-width: 2560px) 100vw, 2560px\" \/> <img loading=\"lazy\" decoding=\"async\" class=\"aligncenter size-full wp-image-21089\" src=\"http:\/\/razemdlabialoleki.waw.pl\/wp-content\/uploads\/2024\/04\/30.01.04.01.02-scaled.jpg\" alt=\"\" width=\"2560\" height=\"1421\" srcset=\"http:\/\/razemdlabialoleki.waw.pl\/wp-content\/uploads\/2024\/04\/30.01.04.01.02-scaled.jpg 2560w, http:\/\/razemdlabialoleki.waw.pl\/wp-content\/uploads\/2024\/04\/30.01.04.01.02-300x167.jpg 300w, http:\/\/razemdlabialoleki.waw.pl\/wp-content\/uploads\/2024\/04\/30.01.04.01.02-1024x569.jpg 1024w, http:\/\/razemdlabialoleki.waw.pl\/wp-content\/uploads\/2024\/04\/30.01.04.01.02-768x426.jpg 768w, http:\/\/razemdlabialoleki.waw.pl\/wp-content\/uploads\/2024\/04\/30.01.04.01.02-1536x853.jpg 1536w, http:\/\/razemdlabialoleki.waw.pl\/wp-content\/uploads\/2024\/04\/30.01.04.01.02-2048x1137.jpg 2048w\" sizes=\"auto, (max-width: 2560px) 100vw, 2560px\" \/> <img loading=\"lazy\" decoding=\"async\" class=\"aligncenter size-full wp-image-21090\" src=\"http:\/\/razemdlabialoleki.waw.pl\/wp-content\/uploads\/2024\/04\/30.01.04.01.03-scaled.jpg\" alt=\"\" width=\"2560\" height=\"1421\" srcset=\"http:\/\/razemdlabialoleki.waw.pl\/wp-content\/uploads\/2024\/04\/30.01.04.01.03-scaled.jpg 2560w, http:\/\/razemdlabialoleki.waw.pl\/wp-content\/uploads\/2024\/04\/30.01.04.01.03-300x167.jpg 300w, http:\/\/razemdlabialoleki.waw.pl\/wp-content\/uploads\/2024\/04\/30.01.04.01.03-1024x569.jpg 1024w, http:\/\/razemdlabialoleki.waw.pl\/wp-content\/uploads\/2024\/04\/30.01.04.01.03-768x426.jpg 768w, http:\/\/razemdlabialoleki.waw.pl\/wp-content\/uploads\/2024\/04\/30.01.04.01.03-1536x853.jpg 1536w, http:\/\/razemdlabialoleki.waw.pl\/wp-content\/uploads\/2024\/04\/30.01.04.01.03-2048x1137.jpg 2048w\" sizes=\"auto, (max-width: 2560px) 100vw, 2560px\" \/> <img loading=\"lazy\" decoding=\"async\" class=\"aligncenter size-full wp-image-21091\" src=\"http:\/\/razemdlabialoleki.waw.pl\/wp-content\/uploads\/2024\/04\/30.01.04.01.04-scaled.jpg\" alt=\"\" width=\"2560\" height=\"1421\" srcset=\"http:\/\/razemdlabialoleki.waw.pl\/wp-content\/uploads\/2024\/04\/30.01.04.01.04-scaled.jpg 2560w, http:\/\/razemdlabialoleki.waw.pl\/wp-content\/uploads\/2024\/04\/30.01.04.01.04-300x167.jpg 300w, http:\/\/razemdlabialoleki.waw.pl\/wp-content\/uploads\/2024\/04\/30.01.04.01.04-1024x569.jpg 1024w, http:\/\/razemdlabialoleki.waw.pl\/wp-content\/uploads\/2024\/04\/30.01.04.01.04-768x426.jpg 768w, http:\/\/razemdlabialoleki.waw.pl\/wp-content\/uploads\/2024\/04\/30.01.04.01.04-1536x853.jpg 1536w, http:\/\/razemdlabialoleki.waw.pl\/wp-content\/uploads\/2024\/04\/30.01.04.01.04-2048x1137.jpg 2048w\" sizes=\"auto, (max-width: 2560px) 100vw, 2560px\" \/> <img loading=\"lazy\" decoding=\"async\" class=\"aligncenter size-full wp-image-21092\" src=\"http:\/\/razemdlabialoleki.waw.pl\/wp-content\/uploads\/2024\/04\/30.01.04.01.05-scaled.jpg\" alt=\"\" width=\"2560\" height=\"1421\" srcset=\"http:\/\/razemdlabialoleki.waw.pl\/wp-content\/uploads\/2024\/04\/30.01.04.01.05-scaled.jpg 2560w, http:\/\/razemdlabialoleki.waw.pl\/wp-content\/uploads\/2024\/04\/30.01.04.01.05-300x167.jpg 300w, http:\/\/razemdlabialoleki.waw.pl\/wp-content\/uploads\/2024\/04\/30.01.04.01.05-1024x569.jpg 1024w, http:\/\/razemdlabialoleki.waw.pl\/wp-content\/uploads\/2024\/04\/30.01.04.01.05-768x426.jpg 768w, http:\/\/razemdlabialoleki.waw.pl\/wp-content\/uploads\/2024\/04\/30.01.04.01.05-1536x853.jpg 1536w, http:\/\/razemdlabialoleki.waw.pl\/wp-content\/uploads\/2024\/04\/30.01.04.01.05-2048x1137.jpg 2048w\" sizes=\"auto, (max-width: 2560px) 100vw, 2560px\" \/> <img loading=\"lazy\" decoding=\"async\" class=\"aligncenter size-full wp-image-21093\" src=\"http:\/\/razemdlabialoleki.waw.pl\/wp-content\/uploads\/2024\/04\/30.01.04.01.06-scaled.jpg\" alt=\"\" width=\"2560\" height=\"1421\" srcset=\"http:\/\/razemdlabialoleki.waw.pl\/wp-content\/uploads\/2024\/04\/30.01.04.01.06-scaled.jpg 2560w, http:\/\/razemdlabialoleki.waw.pl\/wp-content\/uploads\/2024\/04\/30.01.04.01.06-300x167.jpg 300w, http:\/\/razemdlabialoleki.waw.pl\/wp-content\/uploads\/2024\/04\/30.01.04.01.06-1024x569.jpg 1024w, http:\/\/razemdlabialoleki.waw.pl\/wp-content\/uploads\/2024\/04\/30.01.04.01.06-768x426.jpg 768w, http:\/\/razemdlabialoleki.waw.pl\/wp-content\/uploads\/2024\/04\/30.01.04.01.06-1536x853.jpg 1536w, http:\/\/razemdlabialoleki.waw.pl\/wp-content\/uploads\/2024\/04\/30.01.04.01.06-2048x1137.jpg 2048w\" sizes=\"auto, (max-width: 2560px) 100vw, 2560px\" \/> <img loading=\"lazy\" decoding=\"async\" class=\"aligncenter size-full wp-image-21094\" src=\"http:\/\/razemdlabialoleki.waw.pl\/wp-content\/uploads\/2024\/04\/30.01.04.01.07-scaled.jpg\" alt=\"\" width=\"2560\" height=\"1421\" srcset=\"http:\/\/razemdlabialoleki.waw.pl\/wp-content\/uploads\/2024\/04\/30.01.04.01.07-scaled.jpg 2560w, http:\/\/razemdlabialoleki.waw.pl\/wp-content\/uploads\/2024\/04\/30.01.04.01.07-300x167.jpg 300w, http:\/\/razemdlabialoleki.waw.pl\/wp-content\/uploads\/2024\/04\/30.01.04.01.07-1024x569.jpg 1024w, http:\/\/razemdlabialoleki.waw.pl\/wp-content\/uploads\/2024\/04\/30.01.04.01.07-768x426.jpg 768w, http:\/\/razemdlabialoleki.waw.pl\/wp-content\/uploads\/2024\/04\/30.01.04.01.07-1536x853.jpg 1536w, http:\/\/razemdlabialoleki.waw.pl\/wp-content\/uploads\/2024\/04\/30.01.04.01.07-2048x1137.jpg 2048w\" sizes=\"auto, (max-width: 2560px) 100vw, 2560px\" \/> <img loading=\"lazy\" decoding=\"async\" class=\"aligncenter size-full wp-image-21095\" src=\"http:\/\/razemdlabialoleki.waw.pl\/wp-content\/uploads\/2024\/04\/Tramwaj-na-Zielona-Bialoleke_trasa_galeria.jpg\" alt=\"\" width=\"900\" height=\"877\" srcset=\"http:\/\/razemdlabialoleki.waw.pl\/wp-content\/uploads\/2024\/04\/Tramwaj-na-Zielona-Bialoleke_trasa_galeria.jpg 900w, http:\/\/razemdlabialoleki.waw.pl\/wp-content\/uploads\/2024\/04\/Tramwaj-na-Zielona-Bialoleke_trasa_galeria-300x292.jpg 300w, http:\/\/razemdlabialoleki.waw.pl\/wp-content\/uploads\/2024\/04\/Tramwaj-na-Zielona-Bialoleke_trasa_galeria-768x748.jpg 768w\" sizes=\"auto, (max-width: 900px) 100vw, 900px\" \/><\/p>\n<p style=\"text-align: justify;\"><a href=\"http:\/\/razemdlabialoleki.waw.pl\/wp-content\/uploads\/2024\/04\/30.01.04.01.07.tif\"><img decoding=\"async\" class=\"aligncenter size-full wp-image-21074\" src=\"http:\/\/razemdlabialoleki.waw.pl\/wp-content\/uploads\/2024\/04\/30.01.04.01.07.tif\" alt=\"\"><\/a> <img decoding=\"async\" class=\"aligncenter size-full wp-image-21075\" src=\"http:\/\/razemdlabialoleki.waw.pl\/wp-content\/uploads\/2024\/04\/30.01.04.01.06.tif\" alt=\"\"> <img decoding=\"async\" class=\"aligncenter size-full wp-image-21076\" src=\"http:\/\/razemdlabialoleki.waw.pl\/wp-content\/uploads\/2024\/04\/30.01.04.01.05.tif\" alt=\"\"> <img decoding=\"async\" class=\"aligncenter size-full wp-image-21077\" src=\"http:\/\/razemdlabialoleki.waw.pl\/wp-content\/uploads\/2024\/04\/30.01.04.01.04.tif\" alt=\"\"> <img decoding=\"async\" class=\"aligncenter size-full wp-image-21078\" src=\"http:\/\/razemdlabialoleki.waw.pl\/wp-content\/uploads\/2024\/04\/30.01.04.01.03.tif\" alt=\"\"> <img decoding=\"async\" class=\"aligncenter size-full wp-image-21079\" src=\"http:\/\/razemdlabialoleki.waw.pl\/wp-content\/uploads\/2024\/04\/30.01.04.01.02.tif\" alt=\"\"> <img decoding=\"async\" class=\"aligncenter size-full wp-image-21080\" src=\"http:\/\/razemdlabialoleki.waw.pl\/wp-content\/uploads\/2024\/04\/30.01.04.01.01.tif\" alt=\"\"><\/p>\n<p style=\"text-align: justify;\">&nbsp;<\/p>\n<p style=\"text-align: justify;\"><img loading=\"lazy\" decoding=\"async\" class=\"aligncenter size-full wp-image-21082\" src=\"http:\/\/razemdlabialoleki.waw.pl\/wp-content\/uploads\/2024\/04\/ZB-04-DS-TOG-2000x610_page-0001-scaled.jpg\" alt=\"\" width=\"2560\" height=\"781\" srcset=\"http:\/\/razemdlabialoleki.waw.pl\/wp-content\/uploads\/2024\/04\/ZB-04-DS-TOG-2000x610_page-0001-scaled.jpg 2560w, http:\/\/razemdlabialoleki.waw.pl\/wp-content\/uploads\/2024\/04\/ZB-04-DS-TOG-2000x610_page-0001-300x92.jpg 300w, http:\/\/razemdlabialoleki.waw.pl\/wp-content\/uploads\/2024\/04\/ZB-04-DS-TOG-2000x610_page-0001-1024x312.jpg 1024w, http:\/\/razemdlabialoleki.waw.pl\/wp-content\/uploads\/2024\/04\/ZB-04-DS-TOG-2000x610_page-0001-768x234.jpg 768w, http:\/\/razemdlabialoleki.waw.pl\/wp-content\/uploads\/2024\/04\/ZB-04-DS-TOG-2000x610_page-0001-1536x469.jpg 1536w, http:\/\/razemdlabialoleki.waw.pl\/wp-content\/uploads\/2024\/04\/ZB-04-DS-TOG-2000x610_page-0001-2048x625.jpg 2048w\" sizes=\"auto, (max-width: 2560px) 100vw, 2560px\" \/> <img loading=\"lazy\" decoding=\"async\" class=\"aligncenter size-full wp-image-21081\" src=\"http:\/\/razemdlabialoleki.waw.pl\/wp-content\/uploads\/2024\/04\/ZB-DS-Glebocka-2000x610_page-0001-scaled.jpg\" alt=\"\" width=\"2560\" height=\"781\" srcset=\"http:\/\/razemdlabialoleki.waw.pl\/wp-content\/uploads\/2024\/04\/ZB-DS-Glebocka-2000x610_page-0001-scaled.jpg 2560w, http:\/\/razemdlabialoleki.waw.pl\/wp-content\/uploads\/2024\/04\/ZB-DS-Glebocka-2000x610_page-0001-300x92.jpg 300w, http:\/\/razemdlabialoleki.waw.pl\/wp-content\/uploads\/2024\/04\/ZB-DS-Glebocka-2000x610_page-0001-1024x312.jpg 1024w, http:\/\/razemdlabialoleki.waw.pl\/wp-content\/uploads\/2024\/04\/ZB-DS-Glebocka-2000x610_page-0001-768x234.jpg 768w, http:\/\/razemdlabialoleki.waw.pl\/wp-content\/uploads\/2024\/04\/ZB-DS-Glebocka-2000x610_page-0001-1536x469.jpg 1536w, http:\/\/razemdlabialoleki.waw.pl\/wp-content\/uploads\/2024\/04\/ZB-DS-Glebocka-2000x610_page-0001-2048x625.jpg 2048w\" sizes=\"auto, (max-width: 2560px) 100vw, 2560px\" \/> <img loading=\"lazy\" decoding=\"async\" class=\"aligncenter size-full wp-image-21083\" src=\"http:\/\/razemdlabialoleki.waw.pl\/wp-content\/uploads\/2024\/04\/ZB-02-DS-Wincentego-2400x610_page-0001-scaled.jpg\" alt=\"\" width=\"2560\" height=\"651\" srcset=\"http:\/\/razemdlabialoleki.waw.pl\/wp-content\/uploads\/2024\/04\/ZB-02-DS-Wincentego-2400x610_page-0001-scaled.jpg 2560w, http:\/\/razemdlabialoleki.waw.pl\/wp-content\/uploads\/2024\/04\/ZB-02-DS-Wincentego-2400x610_page-0001-300x76.jpg 300w, http:\/\/razemdlabialoleki.waw.pl\/wp-content\/uploads\/2024\/04\/ZB-02-DS-Wincentego-2400x610_page-0001-1024x260.jpg 1024w, http:\/\/razemdlabialoleki.waw.pl\/wp-content\/uploads\/2024\/04\/ZB-02-DS-Wincentego-2400x610_page-0001-768x195.jpg 768w, http:\/\/razemdlabialoleki.waw.pl\/wp-content\/uploads\/2024\/04\/ZB-02-DS-Wincentego-2400x610_page-0001-1536x390.jpg 1536w, http:\/\/razemdlabialoleki.waw.pl\/wp-content\/uploads\/2024\/04\/ZB-02-DS-Wincentego-2400x610_page-0001-2048x521.jpg 2048w\" sizes=\"auto, (max-width: 2560px) 100vw, 2560px\" \/> <img loading=\"lazy\" decoding=\"async\" class=\"aligncenter size-full wp-image-21084\" src=\"http:\/\/razemdlabialoleki.waw.pl\/wp-content\/uploads\/2024\/04\/ZB-01-DS-MTK-2100x610_page-0001-scaled.jpg\" alt=\"\" width=\"2560\" height=\"744\" srcset=\"http:\/\/razemdlabialoleki.waw.pl\/wp-content\/uploads\/2024\/04\/ZB-01-DS-MTK-2100x610_page-0001-scaled.jpg 2560w, http:\/\/razemdlabialoleki.waw.pl\/wp-content\/uploads\/2024\/04\/ZB-01-DS-MTK-2100x610_page-0001-300x87.jpg 300w, http:\/\/razemdlabialoleki.waw.pl\/wp-content\/uploads\/2024\/04\/ZB-01-DS-MTK-2100x610_page-0001-1024x297.jpg 1024w, http:\/\/razemdlabialoleki.waw.pl\/wp-content\/uploads\/2024\/04\/ZB-01-DS-MTK-2100x610_page-0001-768x223.jpg 768w, http:\/\/razemdlabialoleki.waw.pl\/wp-content\/uploads\/2024\/04\/ZB-01-DS-MTK-2100x610_page-0001-1536x446.jpg 1536w, http:\/\/razemdlabialoleki.waw.pl\/wp-content\/uploads\/2024\/04\/ZB-01-DS-MTK-2100x610_page-0001-2048x595.jpg 2048w\" sizes=\"auto, (max-width: 2560px) 100vw, 2560px\" \/><\/p>\n\n\n<p><\/p>\n\n\n<p>&nbsp;<\/p>\n<p>&nbsp;<\/p>","protected":false},"excerpt":{"rendered":"<p>Sp\u00f3\u0142ka Tramwaje Warszawskie og\u0142osi\u0142a 7 marca 2024 r. post\u0119powanie na opracowanie dokumentacji projektowej wraz z pozyskaniem decyzji umo\u017cliwiaj\u0105cych rozpocz\u0119cie i realizacj\u0119 rob\u00f3t budowlanych. W ramach ww. zam\u00f3wienia, wybrany wykonawca b\u0119dzie mie\u0107 42 m-ce na opracowanie koncepcyjnych wariant\u00f3w rozwi\u0105za\u0144 komunikacyjnych w zakresie wyznaczonej trasy. Na tej podstawie zostanie wybrany wariant docelowy, wed\u0142ug kt\u00f3rego wykonawca zobowi\u0105zany b\u0119dzie [&hellip;]<\/p>\n","protected":false},"author":2,"featured_media":21096,"comment_status":"closed","ping_status":"closed","sticky":false,"template":"","format":"standard","meta":{"ngg_post_thumbnail":0,"footnotes":""},"categories":[27,26,25],"tags":[15,20,151],"class_list":["post-21073","post","type-post","status-publish","format-standard","has-post-thumbnail","hentry","category-inwestycje","category-klub-radnych","category-samorzad","tag-bialoleka","tag-razem-dla-bialoleki","tag-tramwaj-na-zielona-bialoleke-2"],"_links":{"self":[{"href":"http:\/\/razemdlabialoleki.waw.pl\/index.php?rest_route=\/wp\/v2\/posts\/21073","targetHints":{"allow":["GET"]}}],"collection":[{"href":"http:\/\/razemdlabialoleki.waw.pl\/index.php?rest_route=\/wp\/v2\/posts"}],"about":[{"href":"http:\/\/razemdlabialoleki.waw.pl\/index.php?rest_route=\/wp\/v2\/types\/post"}],"author":[{"embeddable":true,"href":"http:\/\/razemdlabialoleki.waw.pl\/index.php?rest_route=\/wp\/v2\/users\/2"}],"replies":[{"embeddable":true,"href":"http:\/\/razemdlabialoleki.waw.pl\/index.php?rest_route=%2Fwp%2Fv2%2Fcomments&post=21073"}],"version-history":[{"count":1,"href":"http:\/\/razemdlabialoleki.waw.pl\/index.php?rest_route=\/wp\/v2\/posts\/21073\/revisions"}],"predecessor-version":[{"id":21097,"href":"http:\/\/razemdlabialoleki.waw.pl\/index.php?rest_route=\/wp\/v2\/posts\/21073\/revisions\/21097"}],"wp:featuredmedia":[{"embeddable":true,"href":"http:\/\/razemdlabialoleki.waw.pl\/index.php?rest_route=\/wp\/v2\/media\/21096"}],"wp:attachment":[{"href":"http:\/\/razemdlabialoleki.waw.pl\/index.php?rest_route=%2Fwp%2Fv2%2Fmedia&parent=21073"}],"wp:term":[{"taxonomy":"category","embeddable":true,"href":"http:\/\/razemdlabialoleki.waw.pl\/index.php?rest_route=%2Fwp%2Fv2%2Fcategories&post=21073"},{"taxonomy":"post_tag","embeddable":true,"href":"http:\/\/razemdlabialoleki.waw.pl\/index.php?rest_route=%2Fwp%2Fv2%2Ftags&post=21073"}],"curies":[{"name":"wp","href":"https:\/\/api.w.org\/{rel}","templated":true}]}}