{"id":2069,"date":"2017-04-03T19:54:03","date_gmt":"2017-04-03T19:54:03","guid":{"rendered":"http:\/\/razemdlabialoleki.waw.pl\/?p=2069"},"modified":"2024-01-14T14:58:48","modified_gmt":"2024-01-14T13:58:48","slug":"warsztaty-wizazu-i-stylizacji","status":"publish","type":"post","link":"http:\/\/razemdlabialoleki.waw.pl\/?p=2069","title":{"rendered":"Warsztaty wiza\u017cu i stylizacji"},"content":{"rendered":"<p style=\"text-align: justify;\"><strong>Stowarzyszenie Razem dla Bia\u0142o\u0142\u0119ki od 1 marca br realizuje projekt wsp\u00f3\u0142finansowany ze \u015brodk\u00f3w publicznych Miasta Sto\u0142ecznego Warszawy pod nazw\u0105: Warsztaty wiza\u017cu i stylizacji pt.: Odkryj swoje pi\u0119kno, uwierz w siebie.<\/strong><!--more--><br \/>\nPrzez ostatnie dwa weekendy odby\u0142y si\u0119 pierwsze dwa warsztaty podzielone na trzy bloki tematyczne:<br \/>\n1. Dob\u00f3r kolor\u00f3w &#8211; analiza kolorystyczna.<br \/>\n2. Warsztaty makija\u017cu<br \/>\n3. Warsztaty stylizacji &#8211; analiza sylwetki, dob\u00f3r fasonu garderoby do kszta\u0142tu sylwetki, style w u<span class=\"text_exposed_show\">bieraniu, kreowanie w\u0142asnego wizerunku<br \/>\nWarsztaty poprowadzi\u0142a nasza kole\u017canka i w\u0142a\u015bcicielka firmy Wiza\u017c Adamczewska, wiza\u017cystka-stylistka <a class=\"profileLink\" href=\"https:\/\/www.facebook.com\/izabella.adamczewska.7\" data-hovercard=\"\/ajax\/hovercard\/user.php?id=100001062079441\" data-hovercard-prefer-more-content-show=\"1\">Izabella Adamczewska<\/a>, kt\u00f3ra na co dzie\u0144 pracuje z osobami odkrywaj\u0105c ich pi\u0119kno poprzez konsultacje indywidualne, us\u0142ugi makija\u017cu i stylizacji.<br \/>\nZa nami pierwsze warsztaty, miejsca rozesz\u0142y si\u0119 w b\u0142yskawicznym tempie, co oznacza, \u017ce temat zaj\u0119\u0107 jest interesuj\u0105cy dla mieszkanek Bia\u0142o\u0142\u0119ki.<br \/>\nZapraszamy na kolejne warsztaty, kt\u00f3re odb\u0119d\u0105 si\u0119 20-21 maja. Formularz zg\u0142oszeniowy, poprzez kt\u00f3ry odbywaj\u0105 si\u0119 zapisy na szkolenie, b\u0119dzie aktywny od 8 maja od rana, na stronie <a href=\"http:\/\/www.razemdlabialoleki.waw.pl\/\" target=\"_blank\" rel=\"nofollow noopener\">www.razemdlabialoleki.waw.pl<\/a><br \/>\nPoni\u017cej kilka zdj\u0119\u0107 z warsztat\u00f3w.<\/span><\/p>\n<p><img loading=\"lazy\" decoding=\"async\" class=\"aligncenter size-full wp-image-2070\" src=\"http:\/\/razemdlabialoleki.waw.pl\/wp-content\/uploads\/2017\/04\/1.jpg\" alt=\"\" width=\"960\" height=\"540\" srcset=\"http:\/\/razemdlabialoleki.waw.pl\/wp-content\/uploads\/2017\/04\/1.jpg 960w, http:\/\/razemdlabialoleki.waw.pl\/wp-content\/uploads\/2017\/04\/1-300x169.jpg 300w, http:\/\/razemdlabialoleki.waw.pl\/wp-content\/uploads\/2017\/04\/1-768x432.jpg 768w\" sizes=\"auto, (max-width: 960px) 100vw, 960px\" \/> <img loading=\"lazy\" decoding=\"async\" class=\"aligncenter size-full wp-image-2071\" src=\"http:\/\/razemdlabialoleki.waw.pl\/wp-content\/uploads\/2017\/04\/2.jpg\" alt=\"\" width=\"960\" height=\"540\" srcset=\"http:\/\/razemdlabialoleki.waw.pl\/wp-content\/uploads\/2017\/04\/2.jpg 960w, http:\/\/razemdlabialoleki.waw.pl\/wp-content\/uploads\/2017\/04\/2-300x169.jpg 300w, http:\/\/razemdlabialoleki.waw.pl\/wp-content\/uploads\/2017\/04\/2-768x432.jpg 768w\" sizes=\"auto, (max-width: 960px) 100vw, 960px\" \/> <img loading=\"lazy\" decoding=\"async\" class=\"aligncenter size-full wp-image-2072\" src=\"http:\/\/razemdlabialoleki.waw.pl\/wp-content\/uploads\/2017\/04\/3.jpg\" alt=\"\" width=\"960\" height=\"720\" srcset=\"http:\/\/razemdlabialoleki.waw.pl\/wp-content\/uploads\/2017\/04\/3.jpg 960w, http:\/\/razemdlabialoleki.waw.pl\/wp-content\/uploads\/2017\/04\/3-300x225.jpg 300w, http:\/\/razemdlabialoleki.waw.pl\/wp-content\/uploads\/2017\/04\/3-768x576.jpg 768w\" sizes=\"auto, (max-width: 960px) 100vw, 960px\" \/> <img loading=\"lazy\" decoding=\"async\" class=\"aligncenter size-full wp-image-2073\" src=\"http:\/\/razemdlabialoleki.waw.pl\/wp-content\/uploads\/2017\/04\/4.jpg\" alt=\"\" width=\"960\" height=\"720\" srcset=\"http:\/\/razemdlabialoleki.waw.pl\/wp-content\/uploads\/2017\/04\/4.jpg 960w, http:\/\/razemdlabialoleki.waw.pl\/wp-content\/uploads\/2017\/04\/4-300x225.jpg 300w, http:\/\/razemdlabialoleki.waw.pl\/wp-content\/uploads\/2017\/04\/4-768x576.jpg 768w\" sizes=\"auto, (max-width: 960px) 100vw, 960px\" \/> <img loading=\"lazy\" decoding=\"async\" class=\"aligncenter size-full wp-image-2074\" src=\"http:\/\/razemdlabialoleki.waw.pl\/wp-content\/uploads\/2017\/04\/5.jpg\" alt=\"\" width=\"960\" height=\"540\" srcset=\"http:\/\/razemdlabialoleki.waw.pl\/wp-content\/uploads\/2017\/04\/5.jpg 960w, http:\/\/razemdlabialoleki.waw.pl\/wp-content\/uploads\/2017\/04\/5-300x169.jpg 300w, http:\/\/razemdlabialoleki.waw.pl\/wp-content\/uploads\/2017\/04\/5-768x432.jpg 768w\" sizes=\"auto, (max-width: 960px) 100vw, 960px\" \/> <img loading=\"lazy\" decoding=\"async\" class=\"aligncenter size-full wp-image-2075\" src=\"http:\/\/razemdlabialoleki.waw.pl\/wp-content\/uploads\/2017\/04\/6.jpg\" alt=\"\" width=\"960\" height=\"720\" srcset=\"http:\/\/razemdlabialoleki.waw.pl\/wp-content\/uploads\/2017\/04\/6.jpg 960w, http:\/\/razemdlabialoleki.waw.pl\/wp-content\/uploads\/2017\/04\/6-300x225.jpg 300w, http:\/\/razemdlabialoleki.waw.pl\/wp-content\/uploads\/2017\/04\/6-768x576.jpg 768w\" sizes=\"auto, (max-width: 960px) 100vw, 960px\" \/><\/p>\n","protected":false},"excerpt":{"rendered":"<p>Stowarzyszenie Razem dla Bia\u0142o\u0142\u0119ki od 1 marca br realizuje projekt wsp\u00f3\u0142finansowany ze \u015brodk\u00f3w publicznych Miasta Sto\u0142ecznego Warszawy pod nazw\u0105: Warsztaty wiza\u017cu i stylizacji pt.: Odkryj swoje pi\u0119kno, uwierz w siebie.<\/p>\n","protected":false},"author":2,"featured_media":1885,"comment_status":"closed","ping_status":"closed","sticky":false,"template":"","format":"standard","meta":{"ngg_post_thumbnail":0,"footnotes":""},"categories":[14],"tags":[],"class_list":["post-2069","post","type-post","status-publish","format-standard","has-post-thumbnail","hentry","category-kobiety-razem-dla-bialoleki"],"_links":{"self":[{"href":"http:\/\/razemdlabialoleki.waw.pl\/index.php?rest_route=\/wp\/v2\/posts\/2069","targetHints":{"allow":["GET"]}}],"collection":[{"href":"http:\/\/razemdlabialoleki.waw.pl\/index.php?rest_route=\/wp\/v2\/posts"}],"about":[{"href":"http:\/\/razemdlabialoleki.waw.pl\/index.php?rest_route=\/wp\/v2\/types\/post"}],"author":[{"embeddable":true,"href":"http:\/\/razemdlabialoleki.waw.pl\/index.php?rest_route=\/wp\/v2\/users\/2"}],"replies":[{"embeddable":true,"href":"http:\/\/razemdlabialoleki.waw.pl\/index.php?rest_route=%2Fwp%2Fv2%2Fcomments&post=2069"}],"version-history":[{"count":3,"href":"http:\/\/razemdlabialoleki.waw.pl\/index.php?rest_route=\/wp\/v2\/posts\/2069\/revisions"}],"predecessor-version":[{"id":20508,"href":"http:\/\/razemdlabialoleki.waw.pl\/index.php?rest_route=\/wp\/v2\/posts\/2069\/revisions\/20508"}],"wp:featuredmedia":[{"embeddable":true,"href":"http:\/\/razemdlabialoleki.waw.pl\/index.php?rest_route=\/wp\/v2\/media\/1885"}],"wp:attachment":[{"href":"http:\/\/razemdlabialoleki.waw.pl\/index.php?rest_route=%2Fwp%2Fv2%2Fmedia&parent=2069"}],"wp:term":[{"taxonomy":"category","embeddable":true,"href":"http:\/\/razemdlabialoleki.waw.pl\/index.php?rest_route=%2Fwp%2Fv2%2Fcategories&post=2069"},{"taxonomy":"post_tag","embeddable":true,"href":"http:\/\/razemdlabialoleki.waw.pl\/index.php?rest_route=%2Fwp%2Fv2%2Ftags&post=2069"}],"curies":[{"name":"wp","href":"https:\/\/api.w.org\/{rel}","templated":true}]}}