{"id":2067,"date":"2017-04-03T19:47:30","date_gmt":"2017-04-03T19:47:30","guid":{"rendered":"http:\/\/razemdlabialoleki.waw.pl\/?p=2067"},"modified":"2024-01-14T14:59:44","modified_gmt":"2024-01-14T13:59:44","slug":"tramwaj-na-zielona-bialoleke-3","status":"publish","type":"post","link":"http:\/\/razemdlabialoleki.waw.pl\/?p=2067","title":{"rendered":"Tramwaj na Zielon\u0105 Bia\u0142o\u0142\u0119k\u0119"},"content":{"rendered":"<p style=\"text-align: justify;\">&#8211; Z zaprezentowanego materia\u0142u wynika, \u017ce trasa tramwajowa b\u0119dzie poprowadzona optymalnie, jako kontynuacja trasy tramwajowej wzd\u0142u\u017c mostu Krasi\u0144skiego, a nie mostu Gda\u0144skiego. Przy wprowadzeniu dodatkowych tramwaj\u00f3w kursuj\u0105cych co 3-4 minuty w szczycie na most Gda\u0144ski, rondo \u017baba i rondo Starzy\u0144skiego nie by\u0142yby w stanie przenie\u015b\u0107 ruchu tramwajowego, autobusowego i samochodowego bez op\u00f3\u017anie\u0144 w ruchu. Tak\u017ce wyb\u00f3r wariantu przejazdu tramwaju przez Tras\u0119 Toru\u0144sk\u0105 (estakada nad <span class=\"text_exposed_show\">drog\u0105 ekspresow\u0105, zamiast analizowanego na wcze\u015bniejszych etapach studialnych przejazdu tunelem) jest dobrym rozwi\u0105zaniem, minimalizuj\u0105cym ca\u0142o\u015bciowe koszty inwestycji i p\u00f3\u017aniejszej eksploatacji &#8211; m\u00f3wi radny Klubu Razem dla Bia\u0142o\u0142\u0119ki <a class=\"profileLink\" href=\"https:\/\/www.facebook.com\/wojciech.tumasz\" data-hovercard=\"\/ajax\/hovercard\/user.php?id=100001826375200\" data-hovercard-prefer-more-content-show=\"1\">Wojciech Tumasz<\/a> i dodaje, \u017ce oczywi\u015bcie do zaprezentowanych rozwi\u0105za\u0144 projektowych dla rejonu ronda Ma\u0142ej Brzozy, czy Berensona, nie nale\u017cy podchodzi\u0107 jako do ostatecznych. W trakcie dalszych prac projektowych przy realizacji inwestycji b\u0119d\u0105 one modyfikowane, aby ostatecznie uwzgl\u0119dnia\u0142y jak najwi\u0119cej oczekiwa\u0144 mieszka\u0144c\u00f3w Bia\u0142o\u0142\u0119ki.<\/span><\/p>\n<div class=\"text_exposed_show\">\n<p style=\"text-align: justify;\"><a href=\"http:\/\/ibialoleka.pl\/artykul\/tramwaj-na-zielona-bialoleke\/198350\" target=\"_blank\" rel=\"noopener\">Prezentacja<\/a> <a class=\"profileLink\" href=\"https:\/\/www.facebook.com\/tramwaje.warszawa\/\" data-hovercard=\"\/ajax\/hovercard\/page.php?id=510640639028841\" data-hovercard-prefer-more-content-show=\"1\">Tramwaje Warszawskie<\/a> w sprawie <a class=\"profileLink\" href=\"https:\/\/www.facebook.com\/bialolekaztramwajem\/\" data-hovercard=\"\/ajax\/hovercard\/page.php?id=1620552851542211\" data-hovercard-prefer-more-content-show=\"1\">Tramwaj na Zielon\u0105 Bia\u0142o\u0142\u0119k\u0119<\/a>.<\/p>\n<\/div>\n","protected":false},"excerpt":{"rendered":"<p>&#8211; Z zaprezentowanego materia\u0142u wynika, \u017ce trasa tramwajowa b\u0119dzie poprowadzona optymalnie, jako kontynuacja trasy tramwajowej wzd\u0142u\u017c mostu Krasi\u0144skiego, a nie mostu Gda\u0144skiego. Przy wprowadzeniu dodatkowych tramwaj\u00f3w kursuj\u0105cych co 3-4 minuty w szczycie na most Gda\u0144ski, rondo \u017baba i rondo Starzy\u0144skiego nie by\u0142yby w stanie przenie\u015b\u0107 ruchu tramwajowego, autobusowego i samochodowego bez op\u00f3\u017anie\u0144 w ruchu. Tak\u017ce [&hellip;]<\/p>\n","protected":false},"author":2,"featured_media":1918,"comment_status":"closed","ping_status":"closed","sticky":false,"template":"","format":"standard","meta":{"ngg_post_thumbnail":0,"footnotes":""},"categories":[30],"tags":[],"class_list":["post-2067","post","type-post","status-publish","format-standard","has-post-thumbnail","hentry","category-komunikacja"],"_links":{"self":[{"href":"http:\/\/razemdlabialoleki.waw.pl\/index.php?rest_route=\/wp\/v2\/posts\/2067","targetHints":{"allow":["GET"]}}],"collection":[{"href":"http:\/\/razemdlabialoleki.waw.pl\/index.php?rest_route=\/wp\/v2\/posts"}],"about":[{"href":"http:\/\/razemdlabialoleki.waw.pl\/index.php?rest_route=\/wp\/v2\/types\/post"}],"author":[{"embeddable":true,"href":"http:\/\/razemdlabialoleki.waw.pl\/index.php?rest_route=\/wp\/v2\/users\/2"}],"replies":[{"embeddable":true,"href":"http:\/\/razemdlabialoleki.waw.pl\/index.php?rest_route=%2Fwp%2Fv2%2Fcomments&post=2067"}],"version-history":[{"count":2,"href":"http:\/\/razemdlabialoleki.waw.pl\/index.php?rest_route=\/wp\/v2\/posts\/2067\/revisions"}],"predecessor-version":[{"id":20509,"href":"http:\/\/razemdlabialoleki.waw.pl\/index.php?rest_route=\/wp\/v2\/posts\/2067\/revisions\/20509"}],"wp:featuredmedia":[{"embeddable":true,"href":"http:\/\/razemdlabialoleki.waw.pl\/index.php?rest_route=\/wp\/v2\/media\/1918"}],"wp:attachment":[{"href":"http:\/\/razemdlabialoleki.waw.pl\/index.php?rest_route=%2Fwp%2Fv2%2Fmedia&parent=2067"}],"wp:term":[{"taxonomy":"category","embeddable":true,"href":"http:\/\/razemdlabialoleki.waw.pl\/index.php?rest_route=%2Fwp%2Fv2%2Fcategories&post=2067"},{"taxonomy":"post_tag","embeddable":true,"href":"http:\/\/razemdlabialoleki.waw.pl\/index.php?rest_route=%2Fwp%2Fv2%2Ftags&post=2067"}],"curies":[{"name":"wp","href":"https:\/\/api.w.org\/{rel}","templated":true}]}}