{"id":20646,"date":"2025-06-01T14:21:00","date_gmt":"2025-06-01T13:21:00","guid":{"rendered":"http:\/\/razemdlabialoleki.waw.pl\/?p=20646"},"modified":"2025-06-05T07:24:25","modified_gmt":"2025-06-05T06:24:25","slug":"poznaj-projekty-zgloszone-w-budzecie-obywatelskim","status":"publish","type":"post","link":"http:\/\/razemdlabialoleki.waw.pl\/?p=20646","title":{"rendered":"Zag\u0142osuj w Bud\u017cecie Obywatelskim"},"content":{"rendered":"\n<p>Do 15 czerwca trwa <a href=\"https:\/\/bo.um.warszawa.pl\/processes\/na-rok-2026\/f\/13\/votes_cards\/new\" target=\"_blank\" rel=\"noreferrer noopener\">g\u0142osowanie w Bud\u017cecie Obywatelskim<\/a>. Pami\u0119tajcie, \u017ce mo\u017cna g\u0142osowa\u0107 tak\u017ce w imieniu dzieci!<\/p>\n\n\n\n<!--more-->\n\n\n\n<p>Poni\u017cej prezentujemy projekty, z\u0142o\u017cone przez cz\u0142onk\u00f3w Stowarzyszenia Razem dla Bia\u0142o\u0142\u0119ki oraz Mieszka\u0144c\u00f3w i Mieszkanki, z kt\u00f3rymi wsp\u00f3\u0142pracujemy, a tutaj znajdziecie <a href=\"https:\/\/bo.um.warszawa.pl\/projects?utf8=\u2713&amp;filter%5Bedition_year%5D%5B%5D=&amp;filter%5Bedition_year%5D%5B%5D=2026&amp;filter%5Bscope_type%5D%5B%5D=&amp;filter%5Bscope_id%5D%5B%5D=3&amp;filter%5Bcategory%5D%5B%5D=&amp;filter%5Bstate%5D%5B%5D=&amp;filter%5Bstate%5D%5B%5D=accepted&amp;filter%5Bper_page%5D=30&amp;scope_id=accepted&amp;filter%5Bsearch_text%5D=&amp;filter%5Bscope_id%5D%5B%5D=23&amp;filter%5Bscope_id%5D%5B%5D=24&amp;filter%5Bscope_id%5D%5B%5D=25&amp;filter%5Bscope_id%5D%5B%5D=26\" target=\"_blank\" rel=\"noreferrer noopener\">pe\u0142n\u0105 list\u0119 projekt\u00f3w z Bia\u0142o\u0142\u0119ki<\/a>.<\/p>\n\n\n\n<p><\/p>\n\n\n\n<h2 class=\"wp-block-heading\">Projekty dzielnicowe<\/h2>\n\n\n\n<p><\/p>\n\n\n\n<h4 class=\"wp-block-heading\"><a href=\"https:\/\/bo.um.warszawa.pl\/processes\/na-rok-2026\/f\/13\/projects\/30843\" target=\"_blank\" rel=\"noreferrer noopener\"><strong>1 &#8211; To miejsce mo\u017ce by\u0107 lepsze! Rozbudowa teren\u00f3w rekreacyjnych przy \u017bywicznej i Odkrytej<\/strong><\/a><\/h4>\n\n\n\n<p><\/p>\n\n\n\n<h4 class=\"wp-block-heading\"><a href=\"https:\/\/bo.um.warszawa.pl\/processes\/na-rok-2026\/f\/13\/projects\/30467\" target=\"_blank\" rel=\"noreferrer noopener\"><strong>3 &#8211; Ziele\u0144 na dachach wiat<\/strong><\/a><\/h4>\n\n\n\n<p><\/p>\n\n\n\n<h4 class=\"wp-block-heading\"><a href=\"https:\/\/bo.um.warszawa.pl\/processes\/na-rok-2026\/f\/13\/projects\/30459\" target=\"_blank\" rel=\"noreferrer noopener\"><strong>6 &#8211; Wiaty przystankowe na Verdiego i P\u0142u\u017cnickiej<\/strong><\/a><\/h4>\n\n\n\n<p><\/p>\n\n\n\n<h4 class=\"wp-block-heading\"><a href=\"https:\/\/bo.um.warszawa.pl\/processes\/na-rok-2026\/f\/13\/projects\/30457\" target=\"_blank\" rel=\"noreferrer noopener\"><strong>12 &#8211; Zielone dachy (wiaty przystankowe)<\/strong><\/a><\/h4>\n\n\n\n<p><\/p>\n\n\n\n<h4 class=\"wp-block-heading\"><a href=\"https:\/\/bo.um.warszawa.pl\/processes\/na-rok-2026\/f\/13\/projects\/30517\" target=\"_blank\" rel=\"noreferrer noopener\"><strong>24 &#8211; Monitoring i o\u015bwietlenie park\u00f3w i plac\u00f3w zabaw na Bia\u0142o\u0142\u0119ce<\/strong><\/a><\/h4>\n\n\n\n<p><\/p>\n\n\n\n<h4 class=\"wp-block-heading\"><a href=\"https:\/\/bo.um.warszawa.pl\/processes\/na-rok-2026\/f\/13\/projects\/30456\" target=\"_blank\" rel=\"noreferrer noopener\"><strong>25 &#8211; Zielone wiaty przystankowe<\/strong><\/a><\/h4>\n\n\n\n<p><\/p>\n\n\n\n<h2 class=\"wp-block-heading\"><strong><strong>Obszar <\/strong>1: Nowodwory<\/strong><\/h2>\n\n\n\n<p><\/p>\n\n\n\n<h4 class=\"wp-block-heading\"><a href=\"https:\/\/bo.um.warszawa.pl\/processes\/na-rok-2026\/f\/13\/projects\/32392\" target=\"_blank\" rel=\"noreferrer noopener\">9 &#8211; Bezpieczny azyl dla dzieci &#8211; modernizacja terenu przy Filii SP342 przy ul. Topolowej<\/a><\/h4>\n\n\n\n<p><\/p>\n\n\n\n<h2 class=\"wp-block-heading\"><strong><strong>Obszar 2<\/strong>: Tarchomin<\/strong><\/h2>\n\n\n\n<p><\/p>\n\n\n\n<h4 class=\"wp-block-heading\"><a href=\"https:\/\/bo.um.warszawa.pl\/processes\/na-rok-2026\/f\/13\/projects\/31130\" target=\"_blank\" rel=\"noreferrer noopener\"><strong>5 &#8211; Stw\u00f3rzmy Park przy \u015awiderskiej<\/strong><\/a><\/h4>\n\n\n\n<p><\/p>\n\n\n\n<h4 class=\"wp-block-heading\"><a href=\"https:\/\/bo.um.warszawa.pl\/processes\/na-rok-2026\/f\/13\/projects\/30885\" target=\"_blank\" rel=\"noreferrer noopener\"><strong>7 &#8211; Po\u0142\u0105czenie pieszo-rowerowe w Parku Picassa w kierunku Wa\u0142u Wi\u015blanego + strefa relaksu<\/strong><\/a><\/h4>\n\n\n\n<p><\/p>\n\n\n\n<h4 class=\"wp-block-heading\"><a href=\"https:\/\/bo.um.warszawa.pl\/processes\/na-rok-2026\/f\/13\/projects\/31920\" target=\"_blank\" rel=\"noreferrer noopener\"><strong>8 &#8211; Zielony Skwer przy ul. \u0106mielowskiej<\/strong><\/a><\/h4>\n\n\n\n<p><\/p>\n\n\n\n<p><\/p>\n\n\n\n<h2 class=\"wp-block-heading\"><strong>Obszar 3: Choszcz\u00f3wka, D\u0105br\u00f3wka Szlachecka, Henryk\u00f3w, Bia\u0142o\u0142\u0119ka Dworska, Szamocin, \u017bera\u0144<\/strong><\/h2>\n\n\n\n<p><\/p>\n\n\n\n<h4 class=\"wp-block-heading\"><a href=\"https:\/\/bo.um.warszawa.pl\/processes\/na-rok-2026\/f\/13\/projects\/30840\" target=\"_blank\" rel=\"noreferrer noopener\"><strong>2 &#8211; Nowe krzewy na Portowej i urz\u0105dzenia na placu zabaw przy ul. Fleminga<\/strong><\/a><\/h4>\n\n\n\n<p><\/p>\n\n\n\n<h4 class=\"wp-block-heading\"><a href=\"https:\/\/bo.um.warszawa.pl\/processes\/na-rok-2026\/f\/13\/projects\/30779\" target=\"_blank\" rel=\"noreferrer noopener\"><strong>4 &#8211; Zacumuj przy Portowej w strefie relaksu<\/strong><\/a><\/h4>\n\n\n\n<p><\/p>\n\n\n\n<h4 class=\"wp-block-heading\"><a href=\"https:\/\/bo.um.warszawa.pl\/processes\/na-rok-2026\/f\/13\/projects\/30344\" target=\"_blank\" rel=\"noreferrer noopener\"><strong>5 &#8211; Cztery \u0142apy i Ja &#8211; park dla ps\u00f3w na Bia\u0142o\u0142\u0119ce<\/strong><\/a><\/h4>\n\n\n\n<p><\/p>\n\n\n\n<h4 class=\"wp-block-heading\"><a href=\"https:\/\/bo.um.warszawa.pl\/processes\/na-rok-2026\/f\/13\/projects\/31845\" target=\"_blank\" rel=\"noreferrer noopener\"><strong>6 &#8211; Park Zielone Piekie\u0142ko<\/strong><\/a><\/h4>\n\n\n\n<p><\/p>\n\n\n\n<h4 class=\"wp-block-heading\"><a href=\"https:\/\/bo.um.warszawa.pl\/processes\/na-rok-2026\/f\/13\/projects\/31055\" target=\"_blank\" rel=\"noreferrer noopener\"><strong>11 &#8211; Wodne place zabaw w Parku \u017bera\u0144skim<\/strong><\/a><\/h4>\n\n\n\n<p><\/p>\n\n\n\n<h4 class=\"wp-block-heading\"><a href=\"https:\/\/bo.um.warszawa.pl\/processes\/na-rok-2026\/f\/13\/projects\/30530\" target=\"_blank\" rel=\"noreferrer noopener\"><strong>14 &#8211; Plac zabaw Piasek i woda<\/strong><\/a><\/h4>\n\n\n\n<p><\/p>\n\n\n\n<h4 class=\"wp-block-heading\"><strong><a href=\"https:\/\/bo.um.warszawa.pl\/processes\/na-rok-2026\/f\/13\/projects\/31729\" target=\"_blank\" rel=\"noreferrer noopener\">15 &#8211; Nowy teren zieleni, rekreacji i sportu<\/a>&nbsp;<\/strong><\/h4>\n\n\n\n<p><\/p>\n\n\n\n<p><\/p>\n\n\n\n<h2 class=\"wp-block-heading\"><strong>Obszar 4:<\/strong> Kobia\u0142ka, Grodzisk, Brzeziny<\/h2>\n\n\n\n<p><\/p>\n\n\n\n<h4 class=\"wp-block-heading\"><a href=\"https:\/\/bo.um.warszawa.pl\/processes\/na-rok-2026\/f\/13\/projects\/31400\" target=\"_blank\" rel=\"noreferrer noopener\"><strong>2 &#8211; Bezpieczne przej\u015bcia dla pieszych Ruskowy Br\u00f3d, Ostr\u00f3dzka, Zdziarska<\/strong><\/a><\/h4>\n\n\n\n<p><\/p>\n\n\n\n<h4 class=\"wp-block-heading\"><a href=\"https:\/\/bo.um.warszawa.pl\/processes\/na-rok-2026\/f\/13\/projects\/30519\" target=\"_blank\" rel=\"noreferrer noopener\"><strong>3 &#8211; O\u015bwietlenie ulicy Aroniowej<\/strong><\/a><\/h4>\n\n\n\n<p><\/p>\n\n\n\n<h4 class=\"wp-block-heading\"><a href=\"https:\/\/bo.um.warszawa.pl\/processes\/na-rok-2026\/f\/13\/projects\/30466\" target=\"_blank\" rel=\"noreferrer noopener\"><strong>5 &#8211; Zielone wiaty przy szko\u0142ach na Bia\u0142o\u0142\u0119ce<\/strong><\/a><\/h4>\n\n\n\n<p><\/p>\n\n\n\n<h4 class=\"wp-block-heading\"><a href=\"https:\/\/bo.um.warszawa.pl\/processes\/na-rok-2026\/f\/13\/projects\/30418\" target=\"_blank\" rel=\"noreferrer noopener\"><strong>7 &#8211; Remont chodnika wzd\u0142u\u017c ul. Berensona<\/strong><\/a><\/h4>\n\n\n\n<p><\/p>\n\n\n\n<p><\/p>\n\n\n\n<h2 class=\"wp-block-heading\">Projekty og\u00f3lnomiejskie<\/h2>\n\n\n\n<p><\/p>\n\n\n\n<h4 class=\"wp-block-heading\"><a href=\"https:\/\/bo.um.warszawa.pl\/processes\/na-rok-2026\/f\/13\/projects\/30837?fm=1&amp;step=global_list&amp;vt=49cfd8414dd9856dbed2ca0f7255bb7f0ce4b6e6ca65dbfd621f96700f16fa5dfeb82eb0\" target=\"_blank\" rel=\"noreferrer noopener\"><strong>10 &#8211; Le\u015bne sprawy Warszawy &#8211; remont i nowe urz\u0105dzenia w miejskich lasach<\/strong><\/a><\/h4>\n\n\n\n<p><\/p>\n","protected":false},"excerpt":{"rendered":"<p>Do 15 czerwca trwa g\u0142osowanie w Bud\u017cecie Obywatelskim. Pami\u0119tajcie, \u017ce mo\u017cna g\u0142osowa\u0107 tak\u017ce w imieniu dzieci!<\/p>\n","protected":false},"author":2,"featured_media":21435,"comment_status":"closed","ping_status":"closed","sticky":false,"template":"","format":"standard","meta":{"ngg_post_thumbnail":0,"footnotes":""},"categories":[10,27,30,28,40],"tags":[],"class_list":["post-20646","post","type-post","status-publish","format-standard","has-post-thumbnail","hentry","category-akcja-spoleczna","category-inwestycje","category-komunikacja","category-ochrona-srodowiska","category-sport"],"_links":{"self":[{"href":"http:\/\/razemdlabialoleki.waw.pl\/index.php?rest_route=\/wp\/v2\/posts\/20646","targetHints":{"allow":["GET"]}}],"collection":[{"href":"http:\/\/razemdlabialoleki.waw.pl\/index.php?rest_route=\/wp\/v2\/posts"}],"about":[{"href":"http:\/\/razemdlabialoleki.waw.pl\/index.php?rest_route=\/wp\/v2\/types\/post"}],"author":[{"embeddable":true,"href":"http:\/\/razemdlabialoleki.waw.pl\/index.php?rest_route=\/wp\/v2\/users\/2"}],"replies":[{"embeddable":true,"href":"http:\/\/razemdlabialoleki.waw.pl\/index.php?rest_route=%2Fwp%2Fv2%2Fcomments&post=20646"}],"version-history":[{"count":36,"href":"http:\/\/razemdlabialoleki.waw.pl\/index.php?rest_route=\/wp\/v2\/posts\/20646\/revisions"}],"predecessor-version":[{"id":22675,"href":"http:\/\/razemdlabialoleki.waw.pl\/index.php?rest_route=\/wp\/v2\/posts\/20646\/revisions\/22675"}],"wp:featuredmedia":[{"embeddable":true,"href":"http:\/\/razemdlabialoleki.waw.pl\/index.php?rest_route=\/wp\/v2\/media\/21435"}],"wp:attachment":[{"href":"http:\/\/razemdlabialoleki.waw.pl\/index.php?rest_route=%2Fwp%2Fv2%2Fmedia&parent=20646"}],"wp:term":[{"taxonomy":"category","embeddable":true,"href":"http:\/\/razemdlabialoleki.waw.pl\/index.php?rest_route=%2Fwp%2Fv2%2Fcategories&post=20646"},{"taxonomy":"post_tag","embeddable":true,"href":"http:\/\/razemdlabialoleki.waw.pl\/index.php?rest_route=%2Fwp%2Fv2%2Ftags&post=20646"}],"curies":[{"name":"wp","href":"https:\/\/api.w.org\/{rel}","templated":true}]}}