{"id":2055,"date":"2017-03-31T20:21:01","date_gmt":"2017-03-31T20:21:01","guid":{"rendered":"http:\/\/razemdlabialoleki.waw.pl\/?p=2055"},"modified":"2024-01-14T15:00:02","modified_gmt":"2024-01-14T14:00:02","slug":"tramwaj-na-zielona-bialoleke-2","status":"publish","type":"post","link":"http:\/\/razemdlabialoleki.waw.pl\/?p=2055","title":{"rendered":"Tramwaj na Zielon\u0105 Bia\u0142o\u0142\u0119k\u0119"},"content":{"rendered":"<p style=\"text-align: justify;\"><strong><a href=\"https:\/\/warszawa.tvp.pl\/29746650\/31032017\" target=\"_blank\" rel=\"noopener\">Telewizyjny Kurier Warszawski<\/a> (materia\u0142 po 7. minucie) przedstawi\u0142 plany Ratusza dotycz\u0105ce rozwoju transportu szynowego. <\/strong><\/p>\n<p style=\"text-align: justify;\">Wed\u0142ug zapewnie\u0144 linia tramwajowa na Zielon\u0105 Bia\u0142o\u0142\u0119k\u0119 ma ju\u017c zarezerwowane finansowanie i ogromnie ciesz\u0105 zapowiedzi jej powstania na lata 2021 &#8211; 2022. Tramwaje Warszawskie na dzisiejszej konferencji prasowej zaprezentowa\u0142y <a href=\"http:\/\/www.bialoleka.waw.pl\/aktualnosci\/download\/file_id\/2494\/doc_id\/1458.html\" target=\"_blank\" rel=\"noopener\">koncepcj\u0119<\/a> przebiegu trasy na Zielon\u0105 Bia\u0142o\u0142\u0119k\u0119.<!--more--><\/p>\n<p style=\"text-align: justify;\">Jednocze\u015bnie nie zapominajmy o linii tramwajowej wzd\u0142u\u017c Modli\u0144skiej, dla kt\u00f3rej prace koncepcyjne rozpoczn\u0105 si\u0119 ju\u017c w przysz\u0142ym roku. Przypominamy rozwa\u017cane <a href=\"http:\/\/razemdlabialoleki.waw.pl\/?p=1893\" target=\"_blank\" rel=\"noopener\">warianty<\/a> przebiegu tej trasy i trzymamy kciuki za pozyskanie finansowania na jej realizacj\u0119. Zach\u0119camy r\u00f3wnie\u017c do podpisania\u00a0<a href=\"https:\/\/www.petycjeonline.com\/tak_dla_tramwaju_wzduz_modlinskiej\" target=\"_blank\" rel=\"noopener\">petycji<\/a> i zapoznania si\u0119 z <a href=\"http:\/\/razemdlabialoleki.waw.pl\/?p=1914\" target=\"_blank\" rel=\"noopener\">opini\u0105<\/a> radnego Klubu Razem dla Bia\u0142o\u0142\u0119ki Wojciecha Tumasza na temat budowy trasy tramwajowej wzd\u0142u\u017c Modli\u0144skiej.<\/p>\n","protected":false},"excerpt":{"rendered":"<p>Telewizyjny Kurier Warszawski (materia\u0142 po 7. minucie) przedstawi\u0142 plany Ratusza dotycz\u0105ce rozwoju transportu szynowego. Wed\u0142ug zapewnie\u0144 linia tramwajowa na Zielon\u0105 Bia\u0142o\u0142\u0119k\u0119 ma ju\u017c zarezerwowane finansowanie i ogromnie ciesz\u0105 zapowiedzi jej powstania na lata 2021 &#8211; 2022. Tramwaje Warszawskie na dzisiejszej konferencji prasowej zaprezentowa\u0142y koncepcj\u0119 przebiegu trasy na Zielon\u0105 Bia\u0142o\u0142\u0119k\u0119.<\/p>\n","protected":false},"author":2,"featured_media":2057,"comment_status":"closed","ping_status":"closed","sticky":false,"template":"","format":"standard","meta":{"ngg_post_thumbnail":0,"footnotes":""},"categories":[30],"tags":[],"class_list":["post-2055","post","type-post","status-publish","format-standard","has-post-thumbnail","hentry","category-komunikacja"],"_links":{"self":[{"href":"http:\/\/razemdlabialoleki.waw.pl\/index.php?rest_route=\/wp\/v2\/posts\/2055","targetHints":{"allow":["GET"]}}],"collection":[{"href":"http:\/\/razemdlabialoleki.waw.pl\/index.php?rest_route=\/wp\/v2\/posts"}],"about":[{"href":"http:\/\/razemdlabialoleki.waw.pl\/index.php?rest_route=\/wp\/v2\/types\/post"}],"author":[{"embeddable":true,"href":"http:\/\/razemdlabialoleki.waw.pl\/index.php?rest_route=\/wp\/v2\/users\/2"}],"replies":[{"embeddable":true,"href":"http:\/\/razemdlabialoleki.waw.pl\/index.php?rest_route=%2Fwp%2Fv2%2Fcomments&post=2055"}],"version-history":[{"count":9,"href":"http:\/\/razemdlabialoleki.waw.pl\/index.php?rest_route=\/wp\/v2\/posts\/2055\/revisions"}],"predecessor-version":[{"id":20511,"href":"http:\/\/razemdlabialoleki.waw.pl\/index.php?rest_route=\/wp\/v2\/posts\/2055\/revisions\/20511"}],"wp:featuredmedia":[{"embeddable":true,"href":"http:\/\/razemdlabialoleki.waw.pl\/index.php?rest_route=\/wp\/v2\/media\/2057"}],"wp:attachment":[{"href":"http:\/\/razemdlabialoleki.waw.pl\/index.php?rest_route=%2Fwp%2Fv2%2Fmedia&parent=2055"}],"wp:term":[{"taxonomy":"category","embeddable":true,"href":"http:\/\/razemdlabialoleki.waw.pl\/index.php?rest_route=%2Fwp%2Fv2%2Fcategories&post=2055"},{"taxonomy":"post_tag","embeddable":true,"href":"http:\/\/razemdlabialoleki.waw.pl\/index.php?rest_route=%2Fwp%2Fv2%2Ftags&post=2055"}],"curies":[{"name":"wp","href":"https:\/\/api.w.org\/{rel}","templated":true}]}}