{"id":2050,"date":"2017-03-30T20:34:48","date_gmt":"2017-03-30T20:34:48","guid":{"rendered":"http:\/\/razemdlabialoleki.waw.pl\/?p=2050"},"modified":"2024-01-14T15:00:12","modified_gmt":"2024-01-14T14:00:12","slug":"przeglad-w-czajce","status":"publish","type":"post","link":"http:\/\/razemdlabialoleki.waw.pl\/?p=2050","title":{"rendered":"Przegl\u0105d w Czajce?"},"content":{"rendered":"<p style=\"text-align: justify;\">Czy roczny planowy przegl\u0105d instalacji Stacji Termicznej Utylizacji Odpad\u00f3w \u015aciekowych (spalarnia) powinien trwa\u0107 dwa miesi\u0105ce? Dlaczego zak\u0142ad Czajka nie informuje w jaki spos\u00f3b zabezpieczy magazynowanie odpad\u00f3w \u015bciekowych? (&#8230;) oczekuj\u0119 szczeg\u00f3\u0142owej i wyczerpuj\u0105cej informacji na ten temat. Chc\u0119 wiedzie\u0107 czy takie praktyki b\u0119d\u0105 cykliczne np. w trybie rocznym. Dlaczego informacja do dzielnicy trafi\u0142a tak p\u00f3\u017ano? &#8211; pyta radna <a class=\"profileLink\" href=\"https:\/\/www.facebook.com\/profile.php?id=100007681097999\" data-hovercard=\"\/ajax\/hovercard\/user.php?id=100007681097999\" data-hovercard-prefer-more-content-show=\"1\">Mariola Olszewska<\/a>.<\/p>\n<p style=\"text-align: justify;\">Zach\u0119camy do zapoznania si\u0119 z materia\u0142em <a href=\"http:\/\/ibialoleka.pl\/artykul\/ruszyl-przeglad-w-czajce\/197922\" target=\"_blank\" rel=\"noopener\">iBialoleka.pl<\/a><\/p>\n<p style=\"text-align: justify;\"><em>Foto:UD<\/em><\/p>\n","protected":false},"excerpt":{"rendered":"<p>Czy roczny planowy przegl\u0105d instalacji Stacji Termicznej Utylizacji Odpad\u00f3w \u015aciekowych (spalarnia) powinien trwa\u0107 dwa miesi\u0105ce? Dlaczego zak\u0142ad Czajka nie informuje w jaki spos\u00f3b zabezpieczy magazynowanie odpad\u00f3w \u015bciekowych? (&#8230;) oczekuj\u0119 szczeg\u00f3\u0142owej i wyczerpuj\u0105cej informacji na ten temat. Chc\u0119 wiedzie\u0107 czy takie praktyki b\u0119d\u0105 cykliczne np. w trybie rocznym. Dlaczego informacja do dzielnicy trafi\u0142a tak p\u00f3\u017ano? &#8211; [&hellip;]<\/p>\n","protected":false},"author":2,"featured_media":1192,"comment_status":"closed","ping_status":"closed","sticky":false,"template":"","format":"standard","meta":{"ngg_post_thumbnail":0,"footnotes":""},"categories":[28],"tags":[],"class_list":["post-2050","post","type-post","status-publish","format-standard","has-post-thumbnail","hentry","category-ochrona-srodowiska"],"_links":{"self":[{"href":"http:\/\/razemdlabialoleki.waw.pl\/index.php?rest_route=\/wp\/v2\/posts\/2050","targetHints":{"allow":["GET"]}}],"collection":[{"href":"http:\/\/razemdlabialoleki.waw.pl\/index.php?rest_route=\/wp\/v2\/posts"}],"about":[{"href":"http:\/\/razemdlabialoleki.waw.pl\/index.php?rest_route=\/wp\/v2\/types\/post"}],"author":[{"embeddable":true,"href":"http:\/\/razemdlabialoleki.waw.pl\/index.php?rest_route=\/wp\/v2\/users\/2"}],"replies":[{"embeddable":true,"href":"http:\/\/razemdlabialoleki.waw.pl\/index.php?rest_route=%2Fwp%2Fv2%2Fcomments&post=2050"}],"version-history":[{"count":2,"href":"http:\/\/razemdlabialoleki.waw.pl\/index.php?rest_route=\/wp\/v2\/posts\/2050\/revisions"}],"predecessor-version":[{"id":20512,"href":"http:\/\/razemdlabialoleki.waw.pl\/index.php?rest_route=\/wp\/v2\/posts\/2050\/revisions\/20512"}],"wp:featuredmedia":[{"embeddable":true,"href":"http:\/\/razemdlabialoleki.waw.pl\/index.php?rest_route=\/wp\/v2\/media\/1192"}],"wp:attachment":[{"href":"http:\/\/razemdlabialoleki.waw.pl\/index.php?rest_route=%2Fwp%2Fv2%2Fmedia&parent=2050"}],"wp:term":[{"taxonomy":"category","embeddable":true,"href":"http:\/\/razemdlabialoleki.waw.pl\/index.php?rest_route=%2Fwp%2Fv2%2Fcategories&post=2050"},{"taxonomy":"post_tag","embeddable":true,"href":"http:\/\/razemdlabialoleki.waw.pl\/index.php?rest_route=%2Fwp%2Fv2%2Ftags&post=2050"}],"curies":[{"name":"wp","href":"https:\/\/api.w.org\/{rel}","templated":true}]}}