{"id":2047,"date":"2017-03-30T20:27:02","date_gmt":"2017-03-30T20:27:02","guid":{"rendered":"http:\/\/razemdlabialoleki.waw.pl\/?p=2047"},"modified":"2024-01-14T15:00:19","modified_gmt":"2024-01-14T14:00:19","slug":"modernizacja-ul-cieslewskich","status":"publish","type":"post","link":"http:\/\/razemdlabialoleki.waw.pl\/?p=2047","title":{"rendered":"Modernizacja ul. Cie\u015blewskich?"},"content":{"rendered":"<p style=\"text-align: justify;\">Z\u0142y stan podbudowy i nawierzchni ulicy oraz brak skrzy\u017cowania z odpowiedni\u0105 geometri\u0105 skr\u0119tu uniemo\u017cliwiaj\u0105 zdaniem ZTM uruchomienie komunikacji. To w\u0142a\u015bnie ulic\u0105 Cie\u015blewskich powinna kursowa\u0107 nowa linia autobusowa 214. Wzd\u0142u\u017c ulicy rozwija si\u0119 zabudowa jedno i wielorodzinna. Ulic\u0105 t\u0105 pojad\u0105 r\u00f3wnie\u017c mieszka\u0144cy, kt\u00f3rzy zechc\u0105 skorzysta\u0107 z Wielospecjalistycznej Przychodni, kt\u00f3ra ma powsta\u0107 przy ulicy Przykoszarowej. Stanie si\u0119 dojazdem do nowo powstaj\u0105cej szko\u0142y przy ulicy Warzelniczej. Wszystko to determinuje, aby modernizacj\u0119 ulicy Cie\u015blewskich potraktowa\u0107 priorytetowo. Nie mo\u017cna czeka\u0107 kilku kolejnych lat \u2013 m\u00f3wi radna <a class=\"profileLink\" href=\"https:\/\/www.facebook.com\/profile.php?id=100007681097999\" data-hovercard=\"\/ajax\/hovercard\/user.php?id=100007681097999\" data-hovercard-prefer-more-content-show=\"1\">Mariola Olszewska<\/a> i przypomina, \u017ce w lipcu ubieg\u0142ego roku rada dzielnicy przyj\u0119\u0142a stanowisko w tej sprawie.<\/p>\n<p style=\"text-align: justify;\">Wi\u0119cej o sprawie na <a href=\"http:\/\/ibialoleka.pl\/artykul\/cieslewskich--wciaz\/197772\" target=\"_blank\" rel=\"noopener\">iBialoleka.pl<\/a><\/p>\n<p style=\"text-align: justify;\"><em>Foto: googlemaps<\/em><\/p>\n","protected":false},"excerpt":{"rendered":"<p>Z\u0142y stan podbudowy i nawierzchni ulicy oraz brak skrzy\u017cowania z odpowiedni\u0105 geometri\u0105 skr\u0119tu uniemo\u017cliwiaj\u0105 zdaniem ZTM uruchomienie komunikacji. To w\u0142a\u015bnie ulic\u0105 Cie\u015blewskich powinna kursowa\u0107 nowa linia autobusowa 214. Wzd\u0142u\u017c ulicy rozwija si\u0119 zabudowa jedno i wielorodzinna. Ulic\u0105 t\u0105 pojad\u0105 r\u00f3wnie\u017c mieszka\u0144cy, kt\u00f3rzy zechc\u0105 skorzysta\u0107 z Wielospecjalistycznej Przychodni, kt\u00f3ra ma powsta\u0107 przy ulicy Przykoszarowej. Stanie si\u0119 [&hellip;]<\/p>\n","protected":false},"author":2,"featured_media":2048,"comment_status":"closed","ping_status":"closed","sticky":false,"template":"","format":"standard","meta":{"ngg_post_thumbnail":0,"footnotes":""},"categories":[27],"tags":[],"class_list":["post-2047","post","type-post","status-publish","format-standard","has-post-thumbnail","hentry","category-inwestycje"],"_links":{"self":[{"href":"http:\/\/razemdlabialoleki.waw.pl\/index.php?rest_route=\/wp\/v2\/posts\/2047","targetHints":{"allow":["GET"]}}],"collection":[{"href":"http:\/\/razemdlabialoleki.waw.pl\/index.php?rest_route=\/wp\/v2\/posts"}],"about":[{"href":"http:\/\/razemdlabialoleki.waw.pl\/index.php?rest_route=\/wp\/v2\/types\/post"}],"author":[{"embeddable":true,"href":"http:\/\/razemdlabialoleki.waw.pl\/index.php?rest_route=\/wp\/v2\/users\/2"}],"replies":[{"embeddable":true,"href":"http:\/\/razemdlabialoleki.waw.pl\/index.php?rest_route=%2Fwp%2Fv2%2Fcomments&post=2047"}],"version-history":[{"count":2,"href":"http:\/\/razemdlabialoleki.waw.pl\/index.php?rest_route=\/wp\/v2\/posts\/2047\/revisions"}],"predecessor-version":[{"id":20513,"href":"http:\/\/razemdlabialoleki.waw.pl\/index.php?rest_route=\/wp\/v2\/posts\/2047\/revisions\/20513"}],"wp:featuredmedia":[{"embeddable":true,"href":"http:\/\/razemdlabialoleki.waw.pl\/index.php?rest_route=\/wp\/v2\/media\/2048"}],"wp:attachment":[{"href":"http:\/\/razemdlabialoleki.waw.pl\/index.php?rest_route=%2Fwp%2Fv2%2Fmedia&parent=2047"}],"wp:term":[{"taxonomy":"category","embeddable":true,"href":"http:\/\/razemdlabialoleki.waw.pl\/index.php?rest_route=%2Fwp%2Fv2%2Fcategories&post=2047"},{"taxonomy":"post_tag","embeddable":true,"href":"http:\/\/razemdlabialoleki.waw.pl\/index.php?rest_route=%2Fwp%2Fv2%2Ftags&post=2047"}],"curies":[{"name":"wp","href":"https:\/\/api.w.org\/{rel}","templated":true}]}}