{"id":1950,"date":"2017-03-26T20:12:22","date_gmt":"2017-03-26T20:12:22","guid":{"rendered":"http:\/\/razemdlabialoleki.waw.pl\/?p=1950"},"modified":"2024-01-14T15:00:55","modified_gmt":"2024-01-14T14:00:55","slug":"odkryj-swoje-piekno-uwierz-w-siebie","status":"publish","type":"post","link":"http:\/\/razemdlabialoleki.waw.pl\/?p=1950","title":{"rendered":"Odkryj swoje pi\u0119kno, uwierz w siebie"},"content":{"rendered":"<p style=\"text-align: justify;\">Zapraszamy na warsztaty wiza\u017cu i stylizacji pt.: Odkryj swoje pi\u0119kno, uwierz w siebie, kt\u00f3re odb\u0119d\u0105 si\u0119 w dniach 1-2 kwietnia br.<\/p>\n<p><!--more--><\/p>\n<p style=\"text-align: justify;\">Zaj\u0119cia b\u0119d\u0105 podzielone na trzy bloki tematyczne:<\/p>\n<p style=\"text-align: justify;\"><strong>SOBOTA 1 kwietnia<\/strong><br \/>\n1. 10:00 &#8211; 13.15 Dob\u00f3r kolor\u00f3w do typu urody &#8211; analiza kolorystyczna (3 godziny);<br \/>\n2. 13:45 &#8211; 17.00 Warsztaty makija\u017cu (3 godziny);<\/p>\n<p style=\"text-align: justify;\"><strong>NIEDZIELA 2 kwietnia<\/strong><br \/>\n3. 10:00 &#8211; 14:30 Analiza sylwetki, dob\u00f3r garderoby, style w ubieraniu si\u0119, kreowanie w\u0142asnego stylu (4 godziny).<\/p>\n<p style=\"text-align: justify;\"><strong>Miejsce: \u015arodowiskowe Ognisko Wychowawcze TPD, Plac \u015awiatowida 3.<\/strong><\/p>\n<p style=\"text-align: justify;\"><strong>Liczba dost\u0119pnych miejsc na powy\u017cszy termin zosta\u0142a wyczerpana. Dzi\u0119kujemy za wszystkie zg\u0142oszenia<\/strong>.<\/p>\n<p style=\"text-align: justify;\"><strong><span style=\"color: #ff0000;\">Wkr\u00f3tce rozpoczniemy zapisy na kolejne warsztaty &#8220;Odkryj swoje pi\u0119kno, uwierz w siebie&#8221; &#8211; zach\u0119camy do obserwowania naszej strony WWW i FB.<\/span><\/strong><\/p>\n<p style=\"text-align: justify;\">Kontakt: Izabella Adamczewska tel. 602 476 323<\/p>\n","protected":false},"excerpt":{"rendered":"<p>Zapraszamy na warsztaty wiza\u017cu i stylizacji pt.: Odkryj swoje pi\u0119kno, uwierz w siebie, kt\u00f3re odb\u0119d\u0105 si\u0119 w dniach 1-2 kwietnia br.<\/p>\n","protected":false},"author":2,"featured_media":1885,"comment_status":"closed","ping_status":"closed","sticky":false,"template":"","format":"standard","meta":{"ngg_post_thumbnail":0,"footnotes":""},"categories":[14],"tags":[],"class_list":["post-1950","post","type-post","status-publish","format-standard","has-post-thumbnail","hentry","category-kobiety-razem-dla-bialoleki"],"_links":{"self":[{"href":"http:\/\/razemdlabialoleki.waw.pl\/index.php?rest_route=\/wp\/v2\/posts\/1950","targetHints":{"allow":["GET"]}}],"collection":[{"href":"http:\/\/razemdlabialoleki.waw.pl\/index.php?rest_route=\/wp\/v2\/posts"}],"about":[{"href":"http:\/\/razemdlabialoleki.waw.pl\/index.php?rest_route=\/wp\/v2\/types\/post"}],"author":[{"embeddable":true,"href":"http:\/\/razemdlabialoleki.waw.pl\/index.php?rest_route=\/wp\/v2\/users\/2"}],"replies":[{"embeddable":true,"href":"http:\/\/razemdlabialoleki.waw.pl\/index.php?rest_route=%2Fwp%2Fv2%2Fcomments&post=1950"}],"version-history":[{"count":8,"href":"http:\/\/razemdlabialoleki.waw.pl\/index.php?rest_route=\/wp\/v2\/posts\/1950\/revisions"}],"predecessor-version":[{"id":2054,"href":"http:\/\/razemdlabialoleki.waw.pl\/index.php?rest_route=\/wp\/v2\/posts\/1950\/revisions\/2054"}],"wp:featuredmedia":[{"embeddable":true,"href":"http:\/\/razemdlabialoleki.waw.pl\/index.php?rest_route=\/wp\/v2\/media\/1885"}],"wp:attachment":[{"href":"http:\/\/razemdlabialoleki.waw.pl\/index.php?rest_route=%2Fwp%2Fv2%2Fmedia&parent=1950"}],"wp:term":[{"taxonomy":"category","embeddable":true,"href":"http:\/\/razemdlabialoleki.waw.pl\/index.php?rest_route=%2Fwp%2Fv2%2Fcategories&post=1950"},{"taxonomy":"post_tag","embeddable":true,"href":"http:\/\/razemdlabialoleki.waw.pl\/index.php?rest_route=%2Fwp%2Fv2%2Ftags&post=1950"}],"curies":[{"name":"wp","href":"https:\/\/api.w.org\/{rel}","templated":true}]}}