{"id":1941,"date":"2017-03-31T20:30:30","date_gmt":"2017-03-31T20:30:30","guid":{"rendered":"http:\/\/razemdlabialoleki.waw.pl\/?p=1941"},"modified":"2024-01-14T14:59:52","modified_gmt":"2024-01-14T13:59:52","slug":"wiosenny-jarmark-sasiedzki","status":"publish","type":"post","link":"http:\/\/razemdlabialoleki.waw.pl\/?p=1941","title":{"rendered":"Wiosenny Jarmark S\u0105siedzki"},"content":{"rendered":"<p style=\"text-align: justify;\"><a class=\"profileLink\" href=\"https:\/\/www.facebook.com\/RazemDlaBialoleki\/?ref=page_internal\" data-hovercard=\"\/ajax\/hovercard\/page.php?id=1157261984299968\" data-hovercard-prefer-more-content-show=\"1\">Stowarzyszenie Razem dla Bia\u0142o\u0142\u0119ki<\/a> zaprasza na wydarzenie wsp\u00f3\u0142organizowane przez <a class=\"profileLink\" href=\"https:\/\/www.facebook.com\/BialoleckiOsrodekKultury\/\" data-hovercard=\"\/ajax\/hovercard\/page.php?id=202915229737560\" data-hovercard-prefer-more-content-show=\"1\">Bia\u0142o\u0142\u0119cki O\u015brodek Kultury<\/a> w ramach konkursu \u201eZrealizuj sw\u00f3j pomys\u0142 z BOK&#8221;.<br \/>\n\u201eWiosenny Jarmark S\u0105siedzki\u201d, kt\u00f3ry odb\u0119dzie si\u0119 2 kwietnia w BOK przy ul. Van Gogha 1 to doskona\u0142a okazja do przyjemnego sp\u0119dzania czasu, nawi\u0105zania nowych znajomo\u015bci i mo\u017cliwo\u015bci zakup\u00f3w. W tym czasie dzieci b\u0119d\u0105 mog\u0142y wykona\u0107 ozdoby o tematyce wiosenno \u2013 wielkanocnej. Przewidziane jest m.in. dekorowanie styropianowych<span class=\"text_exposed_show\"> jajek r\u00f3\u017cnymi technikami, wykonywanie papierowych zaj\u0105czk\u00f3w, kurczaczk\u00f3w i jajek, tworzenie witra\u017cowych motyli, a dla najm\u0142odszych kolorowanki. Przy okazji b\u0119dziemy kontynuowa\u0107 nasz\u0105 akcj\u0119 charytatywn\u0105 i odb\u0119dzie si\u0119 zbi\u00f3rka pieni\u0119\u017cna na rzecz p. Agnieszki, nauczycielki ze Szko\u0142y Podstawowej przy ul. Le\u015bnej Polanki. <\/span><\/p>\n<div class=\"text_exposed_show\">\n<p style=\"text-align: justify;\">Pomys\u0142odawczyni\u0105 i koordynatork\u0105 projektu jest cz\u0142onkini naszego stowarzyszenia <a class=\"profileLink\" href=\"https:\/\/www.facebook.com\/weronika.kam\" data-hovercard=\"\/ajax\/hovercard\/user.php?id=100000312294658\" data-hovercard-prefer-more-content-show=\"1\">Weronika K\u0142\u0105b<\/a>.<\/p>\n<p>Wi\u0119cej w materiale <a href=\"http:\/\/tustolica.pl\/jarmark-i-ksiazkobranie-na-tarchominie_75014\" target=\"_blank\" rel=\"noopener\">tubialoleka.pl<\/a><\/p>\n<p><img loading=\"lazy\" decoding=\"async\" class=\"aligncenter size-full wp-image-1942\" src=\"http:\/\/razemdlabialoleki.waw.pl\/wp-content\/uploads\/2017\/03\/75014_b.jpg\" alt=\"\" width=\"635\" height=\"897\" srcset=\"http:\/\/razemdlabialoleki.waw.pl\/wp-content\/uploads\/2017\/03\/75014_b.jpg 635w, http:\/\/razemdlabialoleki.waw.pl\/wp-content\/uploads\/2017\/03\/75014_b-212x300.jpg 212w\" sizes=\"auto, (max-width: 635px) 100vw, 635px\" \/><\/p>\n<\/div>\n","protected":false},"excerpt":{"rendered":"<p>Stowarzyszenie Razem dla Bia\u0142o\u0142\u0119ki zaprasza na wydarzenie wsp\u00f3\u0142organizowane przez Bia\u0142o\u0142\u0119cki O\u015brodek Kultury w ramach konkursu \u201eZrealizuj sw\u00f3j pomys\u0142 z BOK&#8221;. \u201eWiosenny Jarmark S\u0105siedzki\u201d, kt\u00f3ry odb\u0119dzie si\u0119 2 kwietnia w BOK przy ul. Van Gogha 1 to doskona\u0142a okazja do przyjemnego sp\u0119dzania czasu, nawi\u0105zania nowych znajomo\u015bci i mo\u017cliwo\u015bci zakup\u00f3w. W tym czasie dzieci b\u0119d\u0105 mog\u0142y wykona\u0107 [&hellip;]<\/p>\n","protected":false},"author":2,"featured_media":1943,"comment_status":"closed","ping_status":"closed","sticky":false,"template":"","format":"standard","meta":{"ngg_post_thumbnail":0,"footnotes":""},"categories":[10],"tags":[],"class_list":["post-1941","post","type-post","status-publish","format-standard","has-post-thumbnail","hentry","category-akcja-spoleczna"],"_links":{"self":[{"href":"http:\/\/razemdlabialoleki.waw.pl\/index.php?rest_route=\/wp\/v2\/posts\/1941","targetHints":{"allow":["GET"]}}],"collection":[{"href":"http:\/\/razemdlabialoleki.waw.pl\/index.php?rest_route=\/wp\/v2\/posts"}],"about":[{"href":"http:\/\/razemdlabialoleki.waw.pl\/index.php?rest_route=\/wp\/v2\/types\/post"}],"author":[{"embeddable":true,"href":"http:\/\/razemdlabialoleki.waw.pl\/index.php?rest_route=\/wp\/v2\/users\/2"}],"replies":[{"embeddable":true,"href":"http:\/\/razemdlabialoleki.waw.pl\/index.php?rest_route=%2Fwp%2Fv2%2Fcomments&post=1941"}],"version-history":[{"count":4,"href":"http:\/\/razemdlabialoleki.waw.pl\/index.php?rest_route=\/wp\/v2\/posts\/1941\/revisions"}],"predecessor-version":[{"id":20510,"href":"http:\/\/razemdlabialoleki.waw.pl\/index.php?rest_route=\/wp\/v2\/posts\/1941\/revisions\/20510"}],"wp:featuredmedia":[{"embeddable":true,"href":"http:\/\/razemdlabialoleki.waw.pl\/index.php?rest_route=\/wp\/v2\/media\/1943"}],"wp:attachment":[{"href":"http:\/\/razemdlabialoleki.waw.pl\/index.php?rest_route=%2Fwp%2Fv2%2Fmedia&parent=1941"}],"wp:term":[{"taxonomy":"category","embeddable":true,"href":"http:\/\/razemdlabialoleki.waw.pl\/index.php?rest_route=%2Fwp%2Fv2%2Fcategories&post=1941"},{"taxonomy":"post_tag","embeddable":true,"href":"http:\/\/razemdlabialoleki.waw.pl\/index.php?rest_route=%2Fwp%2Fv2%2Ftags&post=1941"}],"curies":[{"name":"wp","href":"https:\/\/api.w.org\/{rel}","templated":true}]}}