{"id":1849,"date":"2017-03-10T21:36:04","date_gmt":"2017-03-10T21:36:04","guid":{"rendered":"http:\/\/razemdlabialoleki.waw.pl\/?p=1849"},"modified":"2024-01-14T15:03:26","modified_gmt":"2024-01-14T14:03:26","slug":"zjazd-dla-rowerzystow-wciaz-niebezpieczny","status":"publish","type":"post","link":"http:\/\/razemdlabialoleki.waw.pl\/?p=1849","title":{"rendered":"Zjazd dla rowerzyst\u00f3w wci\u0105\u017c niebezpieczny"},"content":{"rendered":"<p style=\"text-align: justify;\">Zg\u0142osili si\u0119 do mnie mieszka\u0144cy \u017ceby zaj\u0105\u0107 si\u0119 problemem poprawy bezpiecze\u0144stwa na przej\u015bciu pieszo rowerowym przy Mo\u015bcie Marii Sk\u0142odowskiej Curie. Skontaktowa\u0142em si\u0119 z Panem Janem Poczobutem, gdy\u017c w\u0142a\u015bnie jego zwyci\u0119ski projekt z Bud\u017cetu Partycypacyjnego powinien by\u0107 zrealizowany do ko\u0144ca 2016 roku. Po rozmowie z projektodawc\u0105 skontaktowa\u0142em si\u0119 z Zarz\u0105dem Dr\u00f3g Miejskich i zaproponowa\u0142em gotowe rozwi\u0105zanie aktywnego przej\u015bcia dla pieszych takiego jak w zesz\u0142ym roku powsta\u0142o na ul. Kondratowicza. Polega to na tym, \u017ce pieszy zbli\u017caj\u0105c si\u0119 do skrzy\u017cowania uruchamia czujk\u0119 i zapalaj\u0105 si\u0119 migaj\u0105ce lampy kt\u00f3re informuj\u0105 kierowc\u00f3w o zbli\u017caj\u0105cym si\u0119 pieszym do przej\u015bcia &#8211; <a href=\"https:\/\/www.facebook.com\/radnycieszkowski\/?fref=ts\" target=\"_blank\" rel=\"noopener\">Piotr Cieszkowski<\/a>.<\/p>\n<p>Wi\u0119cej o projekcie w Bud\u017cecie Partycypacyjnym Jana Poczobuta pisze <a href=\"http:\/\/ibialoleka.pl\/artykul\/zjazd-dla-rowerzystow\/195039\" target=\"_blank\" rel=\"noopener\">ibialoleka.pl<\/a><\/p>\n<p>&nbsp;<\/p>\n<p><em>Foto: ibialoleka.pl<\/em><\/p>\n","protected":false},"excerpt":{"rendered":"<p>Zg\u0142osili si\u0119 do mnie mieszka\u0144cy \u017ceby zaj\u0105\u0107 si\u0119 problemem poprawy bezpiecze\u0144stwa na przej\u015bciu pieszo rowerowym przy Mo\u015bcie Marii Sk\u0142odowskiej Curie. Skontaktowa\u0142em si\u0119 z Panem Janem Poczobutem, gdy\u017c w\u0142a\u015bnie jego zwyci\u0119ski projekt z Bud\u017cetu Partycypacyjnego powinien by\u0107 zrealizowany do ko\u0144ca 2016 roku. Po rozmowie z projektodawc\u0105 skontaktowa\u0142em si\u0119 z Zarz\u0105dem Dr\u00f3g Miejskich i zaproponowa\u0142em gotowe rozwi\u0105zanie [&hellip;]<\/p>\n","protected":false},"author":2,"featured_media":1851,"comment_status":"closed","ping_status":"closed","sticky":false,"template":"","format":"standard","meta":{"ngg_post_thumbnail":0,"footnotes":""},"categories":[27],"tags":[],"class_list":["post-1849","post","type-post","status-publish","format-standard","has-post-thumbnail","hentry","category-inwestycje"],"_links":{"self":[{"href":"http:\/\/razemdlabialoleki.waw.pl\/index.php?rest_route=\/wp\/v2\/posts\/1849","targetHints":{"allow":["GET"]}}],"collection":[{"href":"http:\/\/razemdlabialoleki.waw.pl\/index.php?rest_route=\/wp\/v2\/posts"}],"about":[{"href":"http:\/\/razemdlabialoleki.waw.pl\/index.php?rest_route=\/wp\/v2\/types\/post"}],"author":[{"embeddable":true,"href":"http:\/\/razemdlabialoleki.waw.pl\/index.php?rest_route=\/wp\/v2\/users\/2"}],"replies":[{"embeddable":true,"href":"http:\/\/razemdlabialoleki.waw.pl\/index.php?rest_route=%2Fwp%2Fv2%2Fcomments&post=1849"}],"version-history":[{"count":8,"href":"http:\/\/razemdlabialoleki.waw.pl\/index.php?rest_route=\/wp\/v2\/posts\/1849\/revisions"}],"predecessor-version":[{"id":20521,"href":"http:\/\/razemdlabialoleki.waw.pl\/index.php?rest_route=\/wp\/v2\/posts\/1849\/revisions\/20521"}],"wp:featuredmedia":[{"embeddable":true,"href":"http:\/\/razemdlabialoleki.waw.pl\/index.php?rest_route=\/wp\/v2\/media\/1851"}],"wp:attachment":[{"href":"http:\/\/razemdlabialoleki.waw.pl\/index.php?rest_route=%2Fwp%2Fv2%2Fmedia&parent=1849"}],"wp:term":[{"taxonomy":"category","embeddable":true,"href":"http:\/\/razemdlabialoleki.waw.pl\/index.php?rest_route=%2Fwp%2Fv2%2Fcategories&post=1849"},{"taxonomy":"post_tag","embeddable":true,"href":"http:\/\/razemdlabialoleki.waw.pl\/index.php?rest_route=%2Fwp%2Fv2%2Ftags&post=1849"}],"curies":[{"name":"wp","href":"https:\/\/api.w.org\/{rel}","templated":true}]}}