{"id":17878,"date":"2023-03-15T17:26:09","date_gmt":"2023-03-15T16:26:09","guid":{"rendered":"http:\/\/razemdlabialoleki.waw.pl\/?p=17878"},"modified":"2024-01-06T16:27:13","modified_gmt":"2024-01-06T15:27:13","slug":"plan-miejscowy-dla-nowodworow-polnocnych-uwagi","status":"publish","type":"post","link":"http:\/\/razemdlabialoleki.waw.pl\/?p=17878","title":{"rendered":"Plan miejscowy dla Nowodwor\u00f3w P\u00f3\u0142nocnych [UWAGI]"},"content":{"rendered":"\n<p>Do 16 marca 2023 r. mo\u017cna sk\u0142ada\u0107 uwagi do projektu planu miejscowego dla rejonu Nowodwor\u00f3w P\u00f3\u0142nocnych. Zach\u0119camy do skorzystania z opracowanej listy uwag:<\/p>\n\n\n\n<p>1) Proponowana zmiana dla terenu przy ul. Ordon\u00f3wny w rejonie Strumykowej (A2.3.ZP-KS): zmiana z funkcji ZP-KS na ZP (ziele\u0144 urz\u0105dzona &#8211; park) oraz zmiana z minimum 40% na minimum 70% powierzchni biologicznie czynnej.<\/p>\n\n\n\n<p>2) Proponowana zmiana dla terenu przy ul. Ordon\u00f3wny w rejonie Strumykowej (A3.6.Zp-KS): zmiana z funkcji ZP-KS na ZP (ziele\u0144 urz\u0105dzona &#8211; park) oraz zmiana z minimum 40% na minimum 70% powierzchni biologicznie czynnej.<\/p>\n\n\n\n<p>3) Proponowana zmiana dla teren\u00f3w w rejonie ul. Topolowej i Le\u015bnej Polanki (A4.5.MWMN): zmiana funkcji MWMN na MWn (wielorodzinna ma\u0142ogabarytowa) oraz zmiana z minimum 30% na minimum 50% powierzchni biologicznie czynnej.<\/p>\n\n\n\n<p>4) Proponowana zmiana dla teren\u00f3w w rejonie ul. Topolowej i Le\u015bnej Polanki (A4.5.MWMN): zmiana maksymalnej wysoko\u015bci zabudowy z 16 m na 12 m oraz zmiana wska\u017anika maksymalnej intensywno\u015bci zabudowy z 2 na 0,9.<\/p>\n\n\n\n<p>5) Proponowana zmiana dla terenu przy rondzie Ordon\u00f3wny\/Strumykowa (A4.10.KS\/U): zmiana maksymalnej wysoko\u015bci zabudowy z 12 m na 10,5 m oraz zmiana wska\u017anika maksymalnej intensywno\u015bci zabudowy z 3 na 2.<\/p>\n\n\n\n<p>6) Proponowana zmiana dla terenu przy ul. Ordon\u00f3wny w rejonie Pas\u0142\u0119ckiej (A4.8.KS\/U): zmiana maksymalnej wysoko\u015bci zabudowy z 30 m na 20 m oraz zmiana wska\u017anika maksymalnej intensywno\u015bci zabudowy z 8,5 na 6.<\/p>\n\n\n\n<p><strong>Jak z\u0142o\u017cy\u0107 uwagi?<\/strong><\/p>\n\n\n\n<p>Za po\u015brednictwem formularza (do pobrania z:\u00a0<a href=\"https:\/\/konsultacje.um.warszawa.pl\/nowodwory_polnocne\" target=\"_blank\" rel=\"noreferrer noopener\">konsultacje.um.warszawa.pl\/nowodwory_polnocne<\/a>):<\/p>\n\n\n\n<ul class=\"wp-block-list\">\n<li>mailowo na adres&nbsp;<a href=\"mailto:sekretariat.BAiPP@um.warszawa.pl\">sekretariat.BAiPP@um.warszawa.pl<\/a><\/li>\n\n\n\n<li>drog\u0105 pocztow\u0105 na adres Biura Architektury i Planowania Przestrzennego Al. Jerozolimskie 44, 00-024 Warszawa<\/li>\n\n\n\n<li>osobi\u015bcie w kancelarii g\u0142\u00f3wnej m.st. Warszawy, kancelarii Biura Architektury i Planowania Przestrzennego lub w Wydziale Obs\u0142ugi Mieszka\u0144c\u00f3w w Urz\u0119dzie Dzielnicy<\/li>\n\n\n\n<li>za po\u015brednictwem umieszczonego w ePUAP formularza og\u00f3lnego lub formularza samej uwagi do projektu planu, kt\u00f3ry jest zamieszczony powy\u017cej.<\/li>\n<\/ul>\n","protected":false},"excerpt":{"rendered":"<p>Do 16 marca 2023 r. mo\u017cna sk\u0142ada\u0107 uwagi do projektu planu miejscowego dla rejonu Nowodwor\u00f3w P\u00f3\u0142nocnych. Zach\u0119camy do skorzystania z opracowanej listy uwag: 1) Proponowana zmiana dla terenu przy ul. Ordon\u00f3wny w rejonie Strumykowej (A2.3.ZP-KS): zmiana z funkcji ZP-KS na ZP (ziele\u0144 urz\u0105dzona &#8211; park) oraz zmiana z minimum 40% na minimum 70% powierzchni biologicznie [&hellip;]<\/p>\n","protected":false},"author":2,"featured_media":17882,"comment_status":"closed","ping_status":"closed","sticky":false,"template":"","format":"standard","meta":{"ngg_post_thumbnail":0,"footnotes":""},"categories":[147,25],"tags":[],"class_list":["post-17878","post","type-post","status-publish","format-standard","has-post-thumbnail","hentry","category-planowanie-przestrzenne","category-samorzad"],"_links":{"self":[{"href":"http:\/\/razemdlabialoleki.waw.pl\/index.php?rest_route=\/wp\/v2\/posts\/17878","targetHints":{"allow":["GET"]}}],"collection":[{"href":"http:\/\/razemdlabialoleki.waw.pl\/index.php?rest_route=\/wp\/v2\/posts"}],"about":[{"href":"http:\/\/razemdlabialoleki.waw.pl\/index.php?rest_route=\/wp\/v2\/types\/post"}],"author":[{"embeddable":true,"href":"http:\/\/razemdlabialoleki.waw.pl\/index.php?rest_route=\/wp\/v2\/users\/2"}],"replies":[{"embeddable":true,"href":"http:\/\/razemdlabialoleki.waw.pl\/index.php?rest_route=%2Fwp%2Fv2%2Fcomments&post=17878"}],"version-history":[{"count":3,"href":"http:\/\/razemdlabialoleki.waw.pl\/index.php?rest_route=\/wp\/v2\/posts\/17878\/revisions"}],"predecessor-version":[{"id":17884,"href":"http:\/\/razemdlabialoleki.waw.pl\/index.php?rest_route=\/wp\/v2\/posts\/17878\/revisions\/17884"}],"wp:featuredmedia":[{"embeddable":true,"href":"http:\/\/razemdlabialoleki.waw.pl\/index.php?rest_route=\/wp\/v2\/media\/17882"}],"wp:attachment":[{"href":"http:\/\/razemdlabialoleki.waw.pl\/index.php?rest_route=%2Fwp%2Fv2%2Fmedia&parent=17878"}],"wp:term":[{"taxonomy":"category","embeddable":true,"href":"http:\/\/razemdlabialoleki.waw.pl\/index.php?rest_route=%2Fwp%2Fv2%2Fcategories&post=17878"},{"taxonomy":"post_tag","embeddable":true,"href":"http:\/\/razemdlabialoleki.waw.pl\/index.php?rest_route=%2Fwp%2Fv2%2Ftags&post=17878"}],"curies":[{"name":"wp","href":"https:\/\/api.w.org\/{rel}","templated":true}]}}