{"id":16010,"date":"2021-12-17T20:43:15","date_gmt":"2021-12-17T19:43:15","guid":{"rendered":"http:\/\/razemdlabialoleki.waw.pl\/?p=16010"},"modified":"2021-12-17T21:01:32","modified_gmt":"2021-12-17T20:01:32","slug":"wigilijna-pomoc-sasiedzka-2021-podsumowanie","status":"publish","type":"post","link":"http:\/\/razemdlabialoleki.waw.pl\/?p=16010","title":{"rendered":"Wigilijna Pomoc S\u0105siedzka 2021 [PODSUMOWANIE]"},"content":{"rendered":"<p>Na terenie dzielnicy Bia\u0142o\u0142\u0119ka po raz kolejny odby\u0142a si\u0119 zbi\u00f3rka \u2013 Wigilijna Pomoc S\u0105siedzka, kt\u00f3rej organizatorami s\u0105 Stowarzyszenie Razem dla Bia\u0142o\u0142\u0119ki i Spo\u0142eczno\u015b\u0107 Chrze\u015bcija\u0144ska P\u00f3\u0142noc. Tony artyku\u0142\u00f3w trafi\u0142o do potrzebuj\u0105cych! <span class=\"_3gl1 _5zz4\" data-offset-key=\"e33ma-0-0\"><span class=\"_ncl\"><span data-offset-key=\"e33ma-0-0\"><img decoding=\"async\" class=\"emoji\" role=\"img\" draggable=\"false\" src=\"https:\/\/s.w.org\/images\/core\/emoji\/13.0.1\/svg\/1f49a.svg\" alt=\"\ud83d\udc9a\"><\/span><\/span><\/span><\/p>\n<p><img loading=\"lazy\" decoding=\"async\" class=\"aligncenter size-full wp-image-16017\" src=\"http:\/\/razemdlabialoleki.waw.pl\/wp-content\/uploads\/2021\/12\/266916867_165821229077260_2921264821096916966_n.jpg\" alt=\"\" width=\"816\" height=\"459\" srcset=\"http:\/\/razemdlabialoleki.waw.pl\/wp-content\/uploads\/2021\/12\/266916867_165821229077260_2921264821096916966_n.jpg 816w, http:\/\/razemdlabialoleki.waw.pl\/wp-content\/uploads\/2021\/12\/266916867_165821229077260_2921264821096916966_n-300x169.jpg 300w, http:\/\/razemdlabialoleki.waw.pl\/wp-content\/uploads\/2021\/12\/266916867_165821229077260_2921264821096916966_n-768x432.jpg 768w\" sizes=\"auto, (max-width: 816px) 100vw, 816px\" \/><\/p>\n<p>Hojno\u015b\u0107, zaanga\u017cowanie i otwarto\u015b\u0107 mieszka\u0144c\u00f3w Bia\u0142o\u0142\u0119ki budzi podziw. Dzi\u0119kujemy za ka\u017cdy produkt, ciep\u0142e s\u0142owo i zaufanie jakim zostali\u015bmy obdarzeni. Podzi\u0119kowania nale\u017c\u0105 si\u0119 r\u00f3wnie\u017c pracownikom sklep\u00f3w w kt\u00f3rych odbywa\u0142y si\u0119 zbi\u00f3rki: Auchan, Galeria P\u00f3\u0142noc, Biedronka, Carrefour, DH Tarchomin, Kaufland. Dzi\u0119kujemy r\u00f3wnie\u017c naszym partnerom: Smurfit Kappa, SPC \u2013 Sp\u00f3\u0142dzielnia Piekarsko-Ciastkarska \u2013 Honorata Wtorkowska za okazane wsparcie <span class=\"_3gl1 _5zz4\" data-offset-key=\"e33ma-0-0\"><span class=\"_ncl\"><span data-offset-key=\"e33ma-0-0\"><img decoding=\"async\" class=\"emoji\" role=\"img\" draggable=\"false\" src=\"https:\/\/s.w.org\/images\/core\/emoji\/13.0.1\/svg\/1f49a.svg\" alt=\"\ud83d\udc9a\"> <\/span><\/span><\/span><\/p>\n<p>Dzi\u0119ki Pa\u0144stwu w ramach Wigilijnej Pomocy S\u0105siedzkiej ju\u017c po raz kolejny przygotowali\u015bmy indywidualne prezenty dla ka\u017cdego dziecka z bia\u0142o\u0142\u0119ckich dom\u00f3w dziecka, paczki dla ponad 150 najbardziej potrzebuj\u0105cych rodzin z Bia\u0142o\u0142\u0119ki, a pozosta\u0142a cz\u0119\u015b\u0107 zosta\u0142a podzielona na domy dziecka. Zobaczy\u0107 zaskoczenie i u\u015bmiechy dzieci jak Miko\u0142aj <span class=\"_3gl1 _5zz4\" data-offset-key=\"e33ma-0-0\"><span class=\"_ncl\"><span data-offset-key=\"e33ma-0-0\"><img decoding=\"async\" class=\"emoji\" role=\"img\" draggable=\"false\" src=\"https:\/\/s.w.org\/images\/core\/emoji\/13.0.1\/svg\/1f385.svg\" alt=\"\ud83c\udf85\"><\/span><\/span><\/span> wr\u0119cza im prezenty jest bezcenne.<\/p>\n<p>Ogromnie cieszy zaanga\u017cowanie bia\u0142o\u0142\u0119ckiej m\u0142odzie\u017cy, kt\u00f3ra w\u0142\u0105czy\u0142a si\u0119 w zbi\u00f3rk\u0119 i razem z nami zbiera\u0142a, jak i p\u00f3\u017aniej przygotowywa\u0142a paczki.<\/p>\n<p>Dzi\u0119kujemy! <span class=\"_3gl1 _5zz4\" data-offset-key=\"e33ma-0-0\"><span class=\"_ncl\"><span data-offset-key=\"e33ma-0-0\"><img decoding=\"async\" class=\"emoji\" role=\"img\" draggable=\"false\" src=\"https:\/\/s.w.org\/images\/core\/emoji\/13.0.1\/svg\/1f385.svg\" alt=\"\ud83c\udf85\"><img decoding=\"async\" class=\"emoji\" role=\"img\" draggable=\"false\" src=\"https:\/\/s.w.org\/images\/core\/emoji\/13.0.1\/svg\/1f49a.svg\" alt=\"\ud83d\udc9a\"><img loading=\"lazy\" decoding=\"async\" class=\"aligncenter size-full wp-image-16016\" src=\"http:\/\/razemdlabialoleki.waw.pl\/wp-content\/uploads\/2021\/12\/268095623_876893056280276_2793041306739191513_n.jpg\" alt=\"\" width=\"960\" height=\"720\" srcset=\"http:\/\/razemdlabialoleki.waw.pl\/wp-content\/uploads\/2021\/12\/268095623_876893056280276_2793041306739191513_n.jpg 960w, http:\/\/razemdlabialoleki.waw.pl\/wp-content\/uploads\/2021\/12\/268095623_876893056280276_2793041306739191513_n-300x225.jpg 300w, http:\/\/razemdlabialoleki.waw.pl\/wp-content\/uploads\/2021\/12\/268095623_876893056280276_2793041306739191513_n-768x576.jpg 768w\" sizes=\"auto, (max-width: 960px) 100vw, 960px\" \/> <img loading=\"lazy\" decoding=\"async\" class=\"aligncenter size-full wp-image-16015\" src=\"http:\/\/razemdlabialoleki.waw.pl\/wp-content\/uploads\/2021\/12\/266905084_510814123347762_184897974751904817_n.jpg\" alt=\"\" width=\"640\" height=\"867\" srcset=\"http:\/\/razemdlabialoleki.waw.pl\/wp-content\/uploads\/2021\/12\/266905084_510814123347762_184897974751904817_n.jpg 640w, http:\/\/razemdlabialoleki.waw.pl\/wp-content\/uploads\/2021\/12\/266905084_510814123347762_184897974751904817_n-221x300.jpg 221w\" sizes=\"auto, (max-width: 640px) 100vw, 640px\" \/> <img loading=\"lazy\" decoding=\"async\" class=\"aligncenter size-full wp-image-16014\" src=\"http:\/\/razemdlabialoleki.waw.pl\/wp-content\/uploads\/2021\/12\/268416755_182815190667801_7641416925146423702_n.jpg\" alt=\"\" width=\"574\" height=\"765\" srcset=\"http:\/\/razemdlabialoleki.waw.pl\/wp-content\/uploads\/2021\/12\/268416755_182815190667801_7641416925146423702_n.jpg 574w, http:\/\/razemdlabialoleki.waw.pl\/wp-content\/uploads\/2021\/12\/268416755_182815190667801_7641416925146423702_n-225x300.jpg 225w\" sizes=\"auto, (max-width: 574px) 100vw, 574px\" \/> <img loading=\"lazy\" decoding=\"async\" class=\"aligncenter size-full wp-image-16013\" src=\"http:\/\/razemdlabialoleki.waw.pl\/wp-content\/uploads\/2021\/12\/267333456_440743684376406_3952024127601054480_n.jpg\" alt=\"\" width=\"960\" height=\"720\" srcset=\"http:\/\/razemdlabialoleki.waw.pl\/wp-content\/uploads\/2021\/12\/267333456_440743684376406_3952024127601054480_n.jpg 960w, http:\/\/razemdlabialoleki.waw.pl\/wp-content\/uploads\/2021\/12\/267333456_440743684376406_3952024127601054480_n-300x225.jpg 300w, http:\/\/razemdlabialoleki.waw.pl\/wp-content\/uploads\/2021\/12\/267333456_440743684376406_3952024127601054480_n-768x576.jpg 768w\" sizes=\"auto, (max-width: 960px) 100vw, 960px\" \/> <img loading=\"lazy\" decoding=\"async\" class=\"aligncenter size-full wp-image-16012\" src=\"http:\/\/razemdlabialoleki.waw.pl\/wp-content\/uploads\/2021\/12\/268445639_433491361595018_3218286641832912879_n.jpg\" alt=\"\" width=\"944\" height=\"1260\" srcset=\"http:\/\/razemdlabialoleki.waw.pl\/wp-content\/uploads\/2021\/12\/268445639_433491361595018_3218286641832912879_n.jpg 944w, http:\/\/razemdlabialoleki.waw.pl\/wp-content\/uploads\/2021\/12\/268445639_433491361595018_3218286641832912879_n-225x300.jpg 225w, http:\/\/razemdlabialoleki.waw.pl\/wp-content\/uploads\/2021\/12\/268445639_433491361595018_3218286641832912879_n-767x1024.jpg 767w, http:\/\/razemdlabialoleki.waw.pl\/wp-content\/uploads\/2021\/12\/268445639_433491361595018_3218286641832912879_n-768x1025.jpg 768w\" sizes=\"auto, (max-width: 944px) 100vw, 944px\" \/> <img loading=\"lazy\" decoding=\"async\" class=\"aligncenter size-full wp-image-16011\" src=\"http:\/\/razemdlabialoleki.waw.pl\/wp-content\/uploads\/2021\/12\/1a.jpg\" alt=\"\" width=\"628\" height=\"593\" srcset=\"http:\/\/razemdlabialoleki.waw.pl\/wp-content\/uploads\/2021\/12\/1a.jpg 628w, http:\/\/razemdlabialoleki.waw.pl\/wp-content\/uploads\/2021\/12\/1a-300x283.jpg 300w\" sizes=\"auto, (max-width: 628px) 100vw, 628px\" \/><\/span><\/span><\/span><\/p>\n","protected":false},"excerpt":{"rendered":"<p>Na terenie dzielnicy Bia\u0142o\u0142\u0119ka po raz kolejny odby\u0142a si\u0119 zbi\u00f3rka \u2013 Wigilijna Pomoc S\u0105siedzka, kt\u00f3rej organizatorami s\u0105 Stowarzyszenie Razem dla Bia\u0142o\u0142\u0119ki i Spo\u0142eczno\u015b\u0107 Chrze\u015bcija\u0144ska P\u00f3\u0142noc. Tony artyku\u0142\u00f3w trafi\u0142o do potrzebuj\u0105cych! Hojno\u015b\u0107, zaanga\u017cowanie i otwarto\u015b\u0107 mieszka\u0144c\u00f3w Bia\u0142o\u0142\u0119ki budzi podziw. Dzi\u0119kujemy za ka\u017cdy produkt, ciep\u0142e s\u0142owo i zaufanie jakim zostali\u015bmy obdarzeni. Podzi\u0119kowania nale\u017c\u0105 si\u0119 r\u00f3wnie\u017c pracownikom sklep\u00f3w [&hellip;]<\/p>\n","protected":false},"author":2,"featured_media":16017,"comment_status":"closed","ping_status":"closed","sticky":false,"template":"","format":"standard","meta":{"ngg_post_thumbnail":0,"footnotes":""},"categories":[10],"tags":[9,15,20],"class_list":["post-16010","post","type-post","status-publish","format-standard","has-post-thumbnail","hentry","category-akcja-spoleczna","tag-akcja-spoleczna","tag-bialoleka","tag-razem-dla-bialoleki"],"_links":{"self":[{"href":"http:\/\/razemdlabialoleki.waw.pl\/index.php?rest_route=\/wp\/v2\/posts\/16010","targetHints":{"allow":["GET"]}}],"collection":[{"href":"http:\/\/razemdlabialoleki.waw.pl\/index.php?rest_route=\/wp\/v2\/posts"}],"about":[{"href":"http:\/\/razemdlabialoleki.waw.pl\/index.php?rest_route=\/wp\/v2\/types\/post"}],"author":[{"embeddable":true,"href":"http:\/\/razemdlabialoleki.waw.pl\/index.php?rest_route=\/wp\/v2\/users\/2"}],"replies":[{"embeddable":true,"href":"http:\/\/razemdlabialoleki.waw.pl\/index.php?rest_route=%2Fwp%2Fv2%2Fcomments&post=16010"}],"version-history":[{"count":2,"href":"http:\/\/razemdlabialoleki.waw.pl\/index.php?rest_route=\/wp\/v2\/posts\/16010\/revisions"}],"predecessor-version":[{"id":16019,"href":"http:\/\/razemdlabialoleki.waw.pl\/index.php?rest_route=\/wp\/v2\/posts\/16010\/revisions\/16019"}],"wp:featuredmedia":[{"embeddable":true,"href":"http:\/\/razemdlabialoleki.waw.pl\/index.php?rest_route=\/wp\/v2\/media\/16017"}],"wp:attachment":[{"href":"http:\/\/razemdlabialoleki.waw.pl\/index.php?rest_route=%2Fwp%2Fv2%2Fmedia&parent=16010"}],"wp:term":[{"taxonomy":"category","embeddable":true,"href":"http:\/\/razemdlabialoleki.waw.pl\/index.php?rest_route=%2Fwp%2Fv2%2Fcategories&post=16010"},{"taxonomy":"post_tag","embeddable":true,"href":"http:\/\/razemdlabialoleki.waw.pl\/index.php?rest_route=%2Fwp%2Fv2%2Ftags&post=16010"}],"curies":[{"name":"wp","href":"https:\/\/api.w.org\/{rel}","templated":true}]}}