{"id":15414,"date":"2021-09-29T20:29:14","date_gmt":"2021-09-29T19:29:14","guid":{"rendered":"http:\/\/razemdlabialoleki.waw.pl\/?p=15414"},"modified":"2021-09-30T06:38:13","modified_gmt":"2021-09-30T05:38:13","slug":"mobilna-pracownia-komputerowa","status":"publish","type":"post","link":"http:\/\/razemdlabialoleki.waw.pl\/?p=15414","title":{"rendered":"Mobilna pracownia komputerowa"},"content":{"rendered":"<p style=\"text-align: justify;\"><strong>Mobilna pracownia komputerowa <\/strong><strong>w Szkole Podstawowej nr 356 dzi\u0119ki grantowi <\/strong><strong>w programie PSE &#8220;WzMOCnij swoje otoczenie&#8221;<\/strong><\/p>\n<p><img loading=\"lazy\" decoding=\"async\" class=\"aligncenter size-full wp-image-15423\" src=\"http:\/\/razemdlabialoleki.waw.pl\/wp-content\/uploads\/2021\/09\/layout_set_logo.png\" alt=\"\" width=\"615\" height=\"163\" srcset=\"http:\/\/razemdlabialoleki.waw.pl\/wp-content\/uploads\/2021\/09\/layout_set_logo.png 615w, http:\/\/razemdlabialoleki.waw.pl\/wp-content\/uploads\/2021\/09\/layout_set_logo-300x80.png 300w\" sizes=\"auto, (max-width: 615px) 100vw, 615px\" \/><strong>Projekt Stowarzyszenia Razem dla Bia\u0142o\u0142\u0119ki otrzyma\u0142 grant w ramach III edycji programu dobros\u0105siedzkiego \u201eWzMOCnij swoje otoczenie\u201d. Dofinansowanie w wysoko\u015bci 40 000 z\u0142 zosta\u0142o przeznaczone na zakup laptop\u00f3w do pracowni komputerowej w Szkole Podstawowej nr 356 im. Ryszarda Kaczorowskiego na warszawskiej Bia\u0142o\u0142\u0119ce. \u015arodki na realizacj\u0119 projektu pochodz\u0105 od organizatora programu &#8211; Polskich Sieci Elektroenergetycznych.<\/strong><\/p>\n<p style=\"text-align: justify;\">Grant od PSE zosta\u0142 w ca\u0142o\u015bci przeznaczony na zakup 11 laptop\u00f3w oraz akcesori\u00f3w komputerowych do nowej pracowni szkolnej. Zakupiony sprz\u0119t posiada najnowszy system operacyjny z mo\u017cliwo\u015bci\u0105 aktualizacji oraz 3 letni\u0105 gwarancj\u0119 producenta.<\/p>\n<p style=\"text-align: justify;\">&#8211; Nowa pracownia odci\u0105\u017cy istniej\u0105c\u0105 sal\u0119 komputerow\u0105 i u\u0142atwi dost\u0119p do komputer\u00f3w uczniom z najwi\u0119kszej szko\u0142y podstawowej w kraju, gdzie w bie\u017c\u0105cym roku uczy si\u0119 blisko 1700 dzieci. Zakupiony sprz\u0119t umo\u017cliwi organizacj\u0119 zaj\u0119\u0107 z informatyki w nowej filii szko\u0142y, a w okresie nauki zdalnej b\u0119dzie m\u00f3g\u0142 by\u0107 wypo\u017cyczany potrzebuj\u0105cym uczniom np.: z rodzin wielodzietnych. Jestem bardzo wdzi\u0119czna za t\u0119 inicjatyw\u0119, za pami\u0119\u0107 o naszych potrzebach, kt\u00f3re z racji liczebno\u015bci szko\u0142y stale rosn\u0105. Szczeg\u00f3lnie dzi\u0119kuj\u0119 rodzicowi, Panu Sebastianowi Gutowi, kt\u00f3ry by\u0142 inicjatorem ca\u0142ej akcji i bezpo\u015brednio przyczyni\u0142 si\u0119 do wsparcia naszej plac\u00f3wki i pozyskania dla uczni\u00f3w nowych komputer\u00f3w \u2013 m\u00f3wi Angelika Zacheja, Dyrektor Szko\u0142y Podstawowej nr 356 w Warszawie.<\/p>\n<p style=\"text-align: justify;\">Program \u201eWzMOCnij swoje otoczenie\u201d ma na celu wy\u0142onienie najlepszych projekt\u00f3w zwi\u0105zanych z rozwojem lokalnej infrastruktury, aktywizacj\u0105 \u017cycia spo\u0142ecznego<br \/>\ni kulturalnego oraz finansowe wsparcie w ich wdro\u017ceniu, w gminach, w kt\u00f3rych Polskie Sieci Elektroenergetyczne realizuj\u0105 projekty inwestycyjne oraz eksploatacyjne.<br \/>\nNa terenie gminy Warszawa-Bia\u0142o\u0142\u0119ka realizowany jest projekt budowy stacji 220\/110kV Praga (\u017bera\u0144). W ramach inwestycji powstan\u0105 dwie 4-kilometrowe, podziemne linie kablowe, kt\u00f3re wyprowadz\u0105 energi\u0119 elektryczn\u0105 z EC \u017bera\u0144, w\u0142\u0105czaj\u0105c j\u0105 do istniej\u0105cej napowietrznej sieci wysokich napi\u0119\u0107 linii przesy\u0142owej Mi\u0142osna \u2013 Mory.<\/p>\n<p style=\"text-align: justify;\">Wi\u0119cej informacji o dzia\u0142alno\u015bci organizatora programu dost\u0119pnych jest na stronie <a href=\"https:\/\/raport.pse.pl\/\">https:\/\/raport.pse.pl\/<\/a> i <a href=\"http:\/\/www.wzmocnijotoczenie.pl\">www.wzmocnijotoczenie.pl<\/a><br \/>\n<img loading=\"lazy\" decoding=\"async\" class=\"aligncenter size-full wp-image-15421\" src=\"http:\/\/razemdlabialoleki.waw.pl\/wp-content\/uploads\/2021\/09\/laptopy_przekazanie-scaled.jpg\" alt=\"\" width=\"2287\" height=\"2560\" srcset=\"http:\/\/razemdlabialoleki.waw.pl\/wp-content\/uploads\/2021\/09\/laptopy_przekazanie-scaled.jpg 2287w, http:\/\/razemdlabialoleki.waw.pl\/wp-content\/uploads\/2021\/09\/laptopy_przekazanie-268x300.jpg 268w, http:\/\/razemdlabialoleki.waw.pl\/wp-content\/uploads\/2021\/09\/laptopy_przekazanie-915x1024.jpg 915w, http:\/\/razemdlabialoleki.waw.pl\/wp-content\/uploads\/2021\/09\/laptopy_przekazanie-768x860.jpg 768w, http:\/\/razemdlabialoleki.waw.pl\/wp-content\/uploads\/2021\/09\/laptopy_przekazanie-1372x1536.jpg 1372w, http:\/\/razemdlabialoleki.waw.pl\/wp-content\/uploads\/2021\/09\/laptopy_przekazanie-1829x2048.jpg 1829w\" sizes=\"auto, (max-width: 2287px) 100vw, 2287px\" \/><img loading=\"lazy\" decoding=\"async\" class=\"aligncenter size-full wp-image-15415\" src=\"http:\/\/razemdlabialoleki.waw.pl\/wp-content\/uploads\/2021\/09\/laptopy_sala_04-scaled.jpg\" alt=\"\" width=\"2560\" height=\"1780\" srcset=\"http:\/\/razemdlabialoleki.waw.pl\/wp-content\/uploads\/2021\/09\/laptopy_sala_04-scaled.jpg 2560w, http:\/\/razemdlabialoleki.waw.pl\/wp-content\/uploads\/2021\/09\/laptopy_sala_04-300x209.jpg 300w, http:\/\/razemdlabialoleki.waw.pl\/wp-content\/uploads\/2021\/09\/laptopy_sala_04-1024x712.jpg 1024w, http:\/\/razemdlabialoleki.waw.pl\/wp-content\/uploads\/2021\/09\/laptopy_sala_04-768x534.jpg 768w, http:\/\/razemdlabialoleki.waw.pl\/wp-content\/uploads\/2021\/09\/laptopy_sala_04-1536x1068.jpg 1536w, http:\/\/razemdlabialoleki.waw.pl\/wp-content\/uploads\/2021\/09\/laptopy_sala_04-2048x1424.jpg 2048w\" sizes=\"auto, (max-width: 2560px) 100vw, 2560px\" \/> <img loading=\"lazy\" decoding=\"async\" class=\"aligncenter size-full wp-image-15416\" src=\"http:\/\/razemdlabialoleki.waw.pl\/wp-content\/uploads\/2021\/09\/laptopy_sala_05-scaled.jpg\" alt=\"\" width=\"2560\" height=\"1920\" srcset=\"http:\/\/razemdlabialoleki.waw.pl\/wp-content\/uploads\/2021\/09\/laptopy_sala_05-scaled.jpg 2560w, http:\/\/razemdlabialoleki.waw.pl\/wp-content\/uploads\/2021\/09\/laptopy_sala_05-300x225.jpg 300w, http:\/\/razemdlabialoleki.waw.pl\/wp-content\/uploads\/2021\/09\/laptopy_sala_05-1024x768.jpg 1024w, http:\/\/razemdlabialoleki.waw.pl\/wp-content\/uploads\/2021\/09\/laptopy_sala_05-768x576.jpg 768w, http:\/\/razemdlabialoleki.waw.pl\/wp-content\/uploads\/2021\/09\/laptopy_sala_05-1536x1152.jpg 1536w, http:\/\/razemdlabialoleki.waw.pl\/wp-content\/uploads\/2021\/09\/laptopy_sala_05-2048x1536.jpg 2048w\" sizes=\"auto, (max-width: 2560px) 100vw, 2560px\" \/> <img loading=\"lazy\" decoding=\"async\" class=\"aligncenter size-full wp-image-15417\" src=\"http:\/\/razemdlabialoleki.waw.pl\/wp-content\/uploads\/2021\/09\/laptopy_sala_03-scaled.jpg\" alt=\"\" width=\"2560\" height=\"1920\" srcset=\"http:\/\/razemdlabialoleki.waw.pl\/wp-content\/uploads\/2021\/09\/laptopy_sala_03-scaled.jpg 2560w, http:\/\/razemdlabialoleki.waw.pl\/wp-content\/uploads\/2021\/09\/laptopy_sala_03-300x225.jpg 300w, http:\/\/razemdlabialoleki.waw.pl\/wp-content\/uploads\/2021\/09\/laptopy_sala_03-1024x768.jpg 1024w, http:\/\/razemdlabialoleki.waw.pl\/wp-content\/uploads\/2021\/09\/laptopy_sala_03-768x576.jpg 768w, http:\/\/razemdlabialoleki.waw.pl\/wp-content\/uploads\/2021\/09\/laptopy_sala_03-1536x1152.jpg 1536w, http:\/\/razemdlabialoleki.waw.pl\/wp-content\/uploads\/2021\/09\/laptopy_sala_03-2048x1536.jpg 2048w\" sizes=\"auto, (max-width: 2560px) 100vw, 2560px\" \/> <img loading=\"lazy\" decoding=\"async\" class=\"aligncenter size-full wp-image-15418\" src=\"http:\/\/razemdlabialoleki.waw.pl\/wp-content\/uploads\/2021\/09\/laptopy_sala_01-scaled.jpg\" alt=\"\" width=\"2560\" height=\"1920\" srcset=\"http:\/\/razemdlabialoleki.waw.pl\/wp-content\/uploads\/2021\/09\/laptopy_sala_01-scaled.jpg 2560w, http:\/\/razemdlabialoleki.waw.pl\/wp-content\/uploads\/2021\/09\/laptopy_sala_01-300x225.jpg 300w, http:\/\/razemdlabialoleki.waw.pl\/wp-content\/uploads\/2021\/09\/laptopy_sala_01-1024x768.jpg 1024w, http:\/\/razemdlabialoleki.waw.pl\/wp-content\/uploads\/2021\/09\/laptopy_sala_01-768x576.jpg 768w, http:\/\/razemdlabialoleki.waw.pl\/wp-content\/uploads\/2021\/09\/laptopy_sala_01-1536x1152.jpg 1536w, http:\/\/razemdlabialoleki.waw.pl\/wp-content\/uploads\/2021\/09\/laptopy_sala_01-2048x1536.jpg 2048w\" sizes=\"auto, (max-width: 2560px) 100vw, 2560px\" \/> <img loading=\"lazy\" decoding=\"async\" class=\"aligncenter size-full wp-image-15419\" src=\"http:\/\/razemdlabialoleki.waw.pl\/wp-content\/uploads\/2021\/09\/laptopy_sala_02-scaled.jpg\" alt=\"\" width=\"2560\" height=\"1920\" srcset=\"http:\/\/razemdlabialoleki.waw.pl\/wp-content\/uploads\/2021\/09\/laptopy_sala_02-scaled.jpg 2560w, http:\/\/razemdlabialoleki.waw.pl\/wp-content\/uploads\/2021\/09\/laptopy_sala_02-300x225.jpg 300w, http:\/\/razemdlabialoleki.waw.pl\/wp-content\/uploads\/2021\/09\/laptopy_sala_02-1024x768.jpg 1024w, http:\/\/razemdlabialoleki.waw.pl\/wp-content\/uploads\/2021\/09\/laptopy_sala_02-768x576.jpg 768w, http:\/\/razemdlabialoleki.waw.pl\/wp-content\/uploads\/2021\/09\/laptopy_sala_02-1536x1152.jpg 1536w, http:\/\/razemdlabialoleki.waw.pl\/wp-content\/uploads\/2021\/09\/laptopy_sala_02-2048x1536.jpg 2048w\" sizes=\"auto, (max-width: 2560px) 100vw, 2560px\" \/><img loading=\"lazy\" decoding=\"async\" class=\"aligncenter size-full wp-image-15420\" src=\"http:\/\/razemdlabialoleki.waw.pl\/wp-content\/uploads\/2021\/09\/plakat1.jpg\" alt=\"\" width=\"610\" height=\"887\" srcset=\"http:\/\/razemdlabialoleki.waw.pl\/wp-content\/uploads\/2021\/09\/plakat1.jpg 610w, http:\/\/razemdlabialoleki.waw.pl\/wp-content\/uploads\/2021\/09\/plakat1-206x300.jpg 206w\" sizes=\"auto, (max-width: 610px) 100vw, 610px\" \/><\/p>\n","protected":false},"excerpt":{"rendered":"<p>Mobilna pracownia komputerowa w Szkole Podstawowej nr 356 dzi\u0119ki grantowi w programie PSE &#8220;WzMOCnij swoje otoczenie&#8221; Projekt Stowarzyszenia Razem dla Bia\u0142o\u0142\u0119ki otrzyma\u0142 grant w ramach III edycji programu dobros\u0105siedzkiego \u201eWzMOCnij swoje otoczenie\u201d. Dofinansowanie w wysoko\u015bci 40 000 z\u0142 zosta\u0142o przeznaczone na zakup laptop\u00f3w do pracowni komputerowej w Szkole Podstawowej nr 356 im. Ryszarda Kaczorowskiego na [&hellip;]<\/p>\n","protected":false},"author":2,"featured_media":15421,"comment_status":"closed","ping_status":"closed","sticky":false,"template":"","format":"standard","meta":{"ngg_post_thumbnail":0,"footnotes":""},"categories":[10,27],"tags":[],"class_list":["post-15414","post","type-post","status-publish","format-standard","has-post-thumbnail","hentry","category-akcja-spoleczna","category-inwestycje"],"_links":{"self":[{"href":"http:\/\/razemdlabialoleki.waw.pl\/index.php?rest_route=\/wp\/v2\/posts\/15414","targetHints":{"allow":["GET"]}}],"collection":[{"href":"http:\/\/razemdlabialoleki.waw.pl\/index.php?rest_route=\/wp\/v2\/posts"}],"about":[{"href":"http:\/\/razemdlabialoleki.waw.pl\/index.php?rest_route=\/wp\/v2\/types\/post"}],"author":[{"embeddable":true,"href":"http:\/\/razemdlabialoleki.waw.pl\/index.php?rest_route=\/wp\/v2\/users\/2"}],"replies":[{"embeddable":true,"href":"http:\/\/razemdlabialoleki.waw.pl\/index.php?rest_route=%2Fwp%2Fv2%2Fcomments&post=15414"}],"version-history":[{"count":2,"href":"http:\/\/razemdlabialoleki.waw.pl\/index.php?rest_route=\/wp\/v2\/posts\/15414\/revisions"}],"predecessor-version":[{"id":15424,"href":"http:\/\/razemdlabialoleki.waw.pl\/index.php?rest_route=\/wp\/v2\/posts\/15414\/revisions\/15424"}],"wp:featuredmedia":[{"embeddable":true,"href":"http:\/\/razemdlabialoleki.waw.pl\/index.php?rest_route=\/wp\/v2\/media\/15421"}],"wp:attachment":[{"href":"http:\/\/razemdlabialoleki.waw.pl\/index.php?rest_route=%2Fwp%2Fv2%2Fmedia&parent=15414"}],"wp:term":[{"taxonomy":"category","embeddable":true,"href":"http:\/\/razemdlabialoleki.waw.pl\/index.php?rest_route=%2Fwp%2Fv2%2Fcategories&post=15414"},{"taxonomy":"post_tag","embeddable":true,"href":"http:\/\/razemdlabialoleki.waw.pl\/index.php?rest_route=%2Fwp%2Fv2%2Ftags&post=15414"}],"curies":[{"name":"wp","href":"https:\/\/api.w.org\/{rel}","templated":true}]}}