{"id":15404,"date":"2021-09-28T20:09:28","date_gmt":"2021-09-28T19:09:28","guid":{"rendered":"http:\/\/razemdlabialoleki.waw.pl\/?p=15404"},"modified":"2021-09-28T21:36:56","modified_gmt":"2021-09-28T20:36:56","slug":"poprawa-ukladu-drogowego-w-dzielnicy-bialoleka","status":"publish","type":"post","link":"http:\/\/razemdlabialoleki.waw.pl\/?p=15404","title":{"rendered":"Poprawa uk\u0142adu drogowego w dzielnicy Bia\u0142o\u0142\u0119ka"},"content":{"rendered":"<p style=\"text-align: justify;\"><span style=\"font-size: 10.0pt;\">Na dzisiejszym posiedzeniu komisji Planu i Bud\u017cetu uzyskali\u015bmy, od Pana Dyrektora Piotra Smoczy\u0144skiego, informacj\u0119 na temat zadania inwestycyjnego: Poprawa uk\u0142adu drogowego w dzielnicy Bia\u0142o\u0142\u0119ka, obecnie realizowanego przez Sto\u0142eczny Zarz\u0105d Rozbudowy Miasta. <\/span><\/p>\n<p><span style=\"font-size: 10.0pt;\">W ramach zadania przewiduje si\u0119: <\/span><\/p>\n<p class=\"bodytext\" style=\"text-align: justify;\"><strong><span style=\"font-size: 10.0pt;\">1. rozbudow\u0119 ul. K\u0105ty Grodziskie na odcinku od ul. Zdziarskiej do ul. Berensona wraz z rozbudow\u0105 skrzy\u017cowania ulic: Ostr\u00f3dzka \u2013 Zdziarska<\/span><\/strong><\/p>\n<p class=\"inline-justify\" style=\"text-align: justify;\"><a href=\"http:\/\/razemdlabialoleki.waw.pl\/?p=14510\"><strong><span style=\"font-size: 10.0pt;\">Rozbudowa skrzy\u017cowania ulic: Ostr\u00f3dzkiej i Zdziarskiej<\/span><\/strong><\/a><span style=\"font-size: 10.0pt;\"> &#8211; przyj\u0119te za\u0142o\u017cenia zak\u0142adaj\u0105 budow\u0119 ronda, chodnik\u00f3w o\u015bwietlenia i odwodnienia drogi. <\/span><\/p>\n<p class=\"inline-justify\" style=\"text-align: justify;\"><span style=\"font-size: 10.0pt;\"><strong>Jeszcze w tym miesi\u0105cu teren pod wykonanie rob\u00f3t budowlanych zostanie przekazany wykonawcy. Przebudowa skrzy\u017cowania ma potrwa\u0107 <\/strong><br \/>\n<strong>14 m-cy. Obecnie opracowywany jest harmonogram prac i czasowa organizacja ruchu. Zako\u0144czenie prac przewiduje si\u0119 na koniec 2022 r.<\/strong><\/span><\/p>\n<p class=\"inline-justify\" style=\"text-align: justify;\"><strong><span style=\"font-size: 10.0pt;\"><a href=\"http:\/\/razemdlabialoleki.waw.pl\/?p=10070\">Odcinek&nbsp;ul. Zdziarska &#8211; ul. Berensona<\/a> &#8211;<\/span><\/strong><span style=\"font-size: 10.0pt;\">&nbsp;przyj\u0119te za\u0142o\u017cenia zak\u0142adaj\u0105 powstanie drogi kategorii Z (zbiorcza) o przekroju 1 x 2, obustronnych chodnik\u00f3w (w miar\u0119 mo\u017cliwo\u015bci), budow\u0119 zatok autobusowych, o\u015bwietlenia i odwodnienia drogi. \u0141\u0105czna d\u0142ugo\u015b\u0107 drogi to ok.&nbsp;2 km.<\/span><\/p>\n<p class=\"inline-justify\" style=\"text-align: justify;\"><strong><span style=\"font-size: 10.0pt;\">Obecnie trwa pozyskiwanie map do cel\u00f3w geodezyjnych. Wyst\u0105pienie o decyzj\u0119 ZRID przewiduje si\u0119 na pa\u017adziernik 2021 r. Og\u0142oszenie przetargu na wykonanie prac budowlanych planowane jest na stycze\u0144 2022 r.<\/span><\/strong><\/p>\n<p class=\"bodytext\" style=\"text-align: justify;\"><strong><span style=\"font-size: 10.0pt;\">2. <a href=\"http:\/\/razemdlabialoleki.waw.pl\/?p=11223\">rozbudow\u0119 ul. Bia\u0142o\u0142\u0119ckiej na odcinku od ul. Kopijnik\u00f3w do ul. Ketlinga<\/a><\/span><\/strong><\/p>\n<p class=\"inline-justify\" style=\"text-align: justify;\"><span style=\"font-size: 10.0pt;\">Przyj\u0119te za\u0142o\u017cenia zak\u0142adaj\u0105 powstanie drogi kategorii Z (zbiorcza) o przekroju 1 x 2, obustronnych chodnik\u00f3w (w miar\u0119 mo\u017cliwo\u015bci), \u015bcie\u017cki rowerowej, budow\u0119 zatok autobusowych, przebudow\u0119 skrzy\u017cowa\u0144 oraz budow\u0119 o\u015bwietlenia i odwodnienia drogi. \u0141\u0105czna d\u0142ugo\u015b\u0107 drogi to ok. 4,1 km. <\/span><\/p>\n<p class=\"inline-justify\" style=\"text-align: justify;\"><strong><span style=\"font-size: 10.0pt;\">Dokumentacja projektowa planowanej przebudowy ma by\u0107 gotowa przed 2Q2022 r. Podczas komisji nasi przedstawiciele ponownie wskazywali na konieczno\u015b\u0107 budowy drogi rowerowej na ca\u0142ym projektowanym odcinku ul. Bia\u0142o\u0142\u0119ckiej.<\/span><\/strong><\/p>\n<p class=\"bodytext\" style=\"text-align: justify;\"><strong><span style=\"font-size: 10.0pt;\">3<\/span><\/strong><span style=\"font-size: 10.0pt;\">. <strong>przebudow\u0119 \u201ema\u0142ej Modli\u0144skiej\u201d, czyli jezdni serwisowej ul. Modli\u0144skiej na odcinku od ul. Prza\u015bnej do ul. Kasztanowej<\/strong><\/span><\/p>\n<p class=\"bodytext\" style=\"margin: 0cm; text-align: justify;\"><span style=\"font-size: 10.0pt;\">Przewiduje si\u0119 budow\u0119 jednokierunkowej jezdni lokalnej (w kierunku ul. Kasztanowej) o szeroko\u015bci 5 m z dopuszczeniem dwukierunkowego ruchu rowerowego wraz z budow\u0105 jednostronnego chodnika. D\u0142ugo\u015b\u0107 drogi to ok. 0,4 km.<\/span><\/p>\n<p class=\"bodytext\" style=\"margin: 0cm; text-align: justify;\"><span style=\"font-size: 10.0pt;\">&nbsp;<\/span><\/p>\n<p class=\"bodytext\" style=\"margin: 0cm; text-align: justify;\"><span style=\"font-size: 10.0pt;\"><strong>Obecnie jest przygotowywana dokumentacja projektowa, a wyst\u0105pienie o decyzj\u0119 ZRID przewiduje si\u0119 na pa\u017adziernik\/listopad 2021 r. Bior\u0105c pod uwag\u0119 konieczno\u015b\u0107 budowy sieci kanalizacyjnej przez MPWiK oraz koordynacj\u0119 obu inwestycji, szacowany termin realizacji prac to 2023 r. Jest on jednak zale\u017cny od przyznania przez Rad\u0119 Warszawy dodatkowych \u015brodk\u00f3w na realizacj\u0119 inwestyc<\/strong>ji.<\/span><\/p>\n<p class=\"bodytext\" style=\"margin: 0cm; text-align: justify;\"><span style=\"font-size: 10.0pt;\">&nbsp;<\/span><\/p>\n<p class=\"bodytext\" style=\"margin: 0cm; text-align: justify;\"><strong><span style=\"font-size: 10.0pt;\">4. <a href=\"http:\/\/razemdlabialoleki.waw.pl\/?p=7463\">rozbudow\u0119 ci\u0105gu ulic: Ko\u0142aci\u0144skiej i Szynowej.<\/a><\/span><\/strong><\/p>\n<p class=\"bodytext\" style=\"text-align: justify;\"><strong><span style=\"font-size: 10.0pt;\">ul. Ko\u0142aci\u0144ska &#8211; <\/span><\/strong><span style=\"font-size: 10.0pt;\">przyj\u0119te za\u0142o\u017cenia przewiduj\u0105 budow\u0119 drogi kategorii Z (zbiorcza), obustronnych chodnik\u00f3w (w miar\u0119 mo\u017cliwo\u015bci), budow\u0119 przystank\u00f3w komunikacji miejskiej zlokalizowanych na jezdni, budow\u0119 o\u015bwietlenia i odwodnienia drogi. \u0141\u0105czna d\u0142ugo\u015b\u0107 drogi to ok.&nbsp;1,45 km. <\/span><\/p>\n<p class=\"bodytext\" style=\"text-align: justify;\"><strong><span style=\"font-size: 10.0pt;\">ul. Szynowa &#8211; <\/span><\/strong><span style=\"font-size: 10.0pt;\">przyj\u0119te za\u0142o\u017cenia przewiduj\u0105 budow\u0119 drogi kategorii Z (zbiorcza), chodnik\u00f3w, budow\u0119 o\u015bwietlenia i odwodnienia drogi. \u0141\u0105czna d\u0142ugo\u015b\u0107 drogi, to ok.&nbsp;0,65 km. <\/span><\/p>\n<p class=\"bodytext\" style=\"text-align: justify;\"><span style=\"font-size: 10.0pt;\"><strong>Obecnie trwa przygotowywanie dokumentacji projektowej, jednak jej uzgodnienie jest uzale\u017cnione od decyzji PKP w zwi\u0105zku z planowan\u0105 inwestycj\u0105 tzw. czwartego toru. Decyzja PKP jest spodziewana w I po\u0142owie 2022 r., po jej uzyskaniu b\u0119d\u0105 kontynuowane prace do wyst\u0105pienia o decyzj\u0119 ZRID. Realizacja inwestycji jest uzale\u017cniona od przyznania przez Rad\u0119 Warszawy dodatkowych \u015brodk\u00f3w finansowych.<\/strong><\/p>\n<p>Fot. ZMID<br \/>\n<\/span><\/p>\n","protected":false},"excerpt":{"rendered":"<p>Na dzisiejszym posiedzeniu komisji Planu i Bud\u017cetu uzyskali\u015bmy, od Pana Dyrektora Piotra Smoczy\u0144skiego, informacj\u0119 na temat zadania inwestycyjnego: Poprawa uk\u0142adu drogowego w dzielnicy Bia\u0142o\u0142\u0119ka, obecnie realizowanego przez Sto\u0142eczny Zarz\u0105d Rozbudowy Miasta. W ramach zadania przewiduje si\u0119: 1. rozbudow\u0119 ul. K\u0105ty Grodziskie na odcinku od ul. Zdziarskiej do ul. Berensona wraz z rozbudow\u0105 skrzy\u017cowania ulic: Ostr\u00f3dzka [&hellip;]<\/p>\n","protected":false},"author":2,"featured_media":15406,"comment_status":"closed","ping_status":"closed","sticky":false,"template":"","format":"standard","meta":{"ngg_post_thumbnail":0,"footnotes":""},"categories":[27,26,25],"tags":[],"class_list":["post-15404","post","type-post","status-publish","format-standard","has-post-thumbnail","hentry","category-inwestycje","category-klub-radnych","category-samorzad"],"_links":{"self":[{"href":"http:\/\/razemdlabialoleki.waw.pl\/index.php?rest_route=\/wp\/v2\/posts\/15404","targetHints":{"allow":["GET"]}}],"collection":[{"href":"http:\/\/razemdlabialoleki.waw.pl\/index.php?rest_route=\/wp\/v2\/posts"}],"about":[{"href":"http:\/\/razemdlabialoleki.waw.pl\/index.php?rest_route=\/wp\/v2\/types\/post"}],"author":[{"embeddable":true,"href":"http:\/\/razemdlabialoleki.waw.pl\/index.php?rest_route=\/wp\/v2\/users\/2"}],"replies":[{"embeddable":true,"href":"http:\/\/razemdlabialoleki.waw.pl\/index.php?rest_route=%2Fwp%2Fv2%2Fcomments&post=15404"}],"version-history":[{"count":5,"href":"http:\/\/razemdlabialoleki.waw.pl\/index.php?rest_route=\/wp\/v2\/posts\/15404\/revisions"}],"predecessor-version":[{"id":15413,"href":"http:\/\/razemdlabialoleki.waw.pl\/index.php?rest_route=\/wp\/v2\/posts\/15404\/revisions\/15413"}],"wp:featuredmedia":[{"embeddable":true,"href":"http:\/\/razemdlabialoleki.waw.pl\/index.php?rest_route=\/wp\/v2\/media\/15406"}],"wp:attachment":[{"href":"http:\/\/razemdlabialoleki.waw.pl\/index.php?rest_route=%2Fwp%2Fv2%2Fmedia&parent=15404"}],"wp:term":[{"taxonomy":"category","embeddable":true,"href":"http:\/\/razemdlabialoleki.waw.pl\/index.php?rest_route=%2Fwp%2Fv2%2Fcategories&post=15404"},{"taxonomy":"post_tag","embeddable":true,"href":"http:\/\/razemdlabialoleki.waw.pl\/index.php?rest_route=%2Fwp%2Fv2%2Ftags&post=15404"}],"curies":[{"name":"wp","href":"https:\/\/api.w.org\/{rel}","templated":true}]}}