{"id":15082,"date":"2021-09-13T21:56:52","date_gmt":"2021-09-13T20:56:52","guid":{"rendered":"http:\/\/razemdlabialoleki.waw.pl\/?p=15082"},"modified":"2021-09-14T07:16:07","modified_gmt":"2021-09-14T06:16:07","slug":"zielony-piknik-sasiedzki-na-lewandowie","status":"publish","type":"post","link":"http:\/\/razemdlabialoleki.waw.pl\/?p=15082","title":{"rendered":"Zielony Piknik S\u0105siedzki na Lewandowie"},"content":{"rendered":"<p style=\"text-align: justify;\"><strong>Zielony Piknik S\u0105siedzki<\/strong> to moc atrakcji ekologicznych po\u0142\u0105czonych z mi\u0119dzynarodow\u0105 kampani\u0105 &#8211; <strong>Sprz\u0105tanie \u015awiata<\/strong> (ang. Clean up the world) <span class=\"sf5mxxl7 oqcyycmt nvdbi5me oygrvhab ditlmg2l kvgmc6g5 q9uorilb sgc6yxs4 qb00l2mb mufzhxvi\" data-testid=\"emoji\" data-outline-text=\"true\"><span class=\"enjifjd9 p16kav6w q9uorilb jedpkwab\"><img decoding=\"async\" class=\"emoji\" role=\"img\" draggable=\"false\" src=\"https:\/\/s.w.org\/images\/core\/emoji\/13.0.1\/svg\/1f49a.svg\" alt=\"\ud83d\udc9a\"><\/span><\/span><span data-outline-text=\"true\">\u2060 organizowany przez <a href=\"https:\/\/www.facebook.com\/decathlontargo\">Decathlon Targ\u00f3wek<\/a>, <a href=\"https:\/\/www.facebook.com\/lewandowlesny\">Wsp\u00f3lnot\u0119 Lewand\u00f3w Le\u015bny<\/a> i Stowarzyszenie Razem dla Bia\u0142o\u0142\u0119ki <span class=\"sf5mxxl7 oqcyycmt nvdbi5me oygrvhab ditlmg2l kvgmc6g5 q9uorilb sgc6yxs4 qb00l2mb mufzhxvi\" data-testid=\"emoji\" data-outline-text=\"true\"><span class=\"enjifjd9 p16kav6w q9uorilb jedpkwab\"><img decoding=\"async\" class=\"emoji\" role=\"img\" draggable=\"false\" src=\"https:\/\/s.w.org\/images\/core\/emoji\/13.0.1\/svg\/1f49a.svg\" alt=\"\ud83d\udc9a\"><\/span><\/span><\/span><\/p>\n<p>W programie:<\/p>\n<p style=\"text-align: justify;\"><strong>10.00 &#8211; 12.00<\/strong> &#8211; Sprz\u0105tanie \u015awiata, razem posprz\u0105tamy rejon ul. Geodezyjnej w tym pobliski las <span data-offset-key=\"7s9d0-0-0\">\ud83c\udf33<\/span><br \/>\n<strong>12.00 &#8211; 15.00<\/strong> &#8211; Zielony Piknik S\u0105siedzki podczas, kt\u00f3rego:<\/p>\n<ul style=\"text-align: justify;\">\n<li>razem z <strong>Leroy Merlin<\/strong> b\u0119dziemy sadzi\u0107 ro\u015bliny <span class=\"sf5mxxl7 oqcyycmt nvdbi5me oygrvhab ditlmg2l kvgmc6g5 q9uorilb sgc6yxs4 qb00l2mb mufzhxvi\" data-testid=\"emoji\" data-outline-text=\"true\"><span class=\"enjifjd9 p16kav6w q9uorilb jedpkwab\"><img decoding=\"async\" class=\"emoji\" role=\"img\" draggable=\"false\" src=\"https:\/\/s.w.org\/images\/core\/emoji\/13.0.1\/svg\/1f49a.svg\" alt=\"\ud83d\udc9a\"><\/span><\/span><\/li>\n<li>bezpiecznie i ekologicznie mo\u017cecie przekaza\u0107 elektroodpady <a href=\"https:\/\/www.facebook.com\/Ago-Recykling-764565507013021\"><strong>AGO RECYKLING<\/strong><\/a>, w tym:<br \/>\n<span data-offset-key=\"7s9d0-0-0\">\ud83c\udf33 <\/span>telefony kom\u00f3rkowe, komputery, laptopy, sprz\u0119t sieciowy, drukarki, drobny sprz\u0119t elektroniczny, drobny sprz\u0119t AGD &amp; RTV, urz\u0105dzenia peryferyjne;<br \/>\n<span data-offset-key=\"7s9d0-0-0\">\ud83c\udf33 <\/span>monitory, telewizory, upsy;<br \/>\n<span data-offset-key=\"7s9d0-0-0\">\ud83c\udf33 <\/span>elementy usuni\u0119te z urz\u0105dze\u0144, podzespo\u0142y elektroniczne;<br \/>\n<span data-offset-key=\"7s9d0-0-0\">\ud83c\udf33 <\/span>baterie i akumulatory;<br \/>\n<span data-offset-key=\"7s9d0-0-0\">\ud83c\udf33<\/span> lod\u00f3wki\/zamra\u017carki, klimatyzatory.<\/li>\n<li>animacje zapewni <a href=\"https:\/\/www.facebook.com\/AkademiaJAWarszawa\"><strong>Emotka &#8211; O\u015brodek Akademii JA w Warszawie<\/strong><\/a><span class=\"sf5mxxl7 oqcyycmt nvdbi5me oygrvhab ditlmg2l kvgmc6g5 q9uorilb sgc6yxs4 qb00l2mb mufzhxvi\" data-testid=\"emoji\" data-outline-text=\"true\"><span class=\"enjifjd9 p16kav6w q9uorilb jedpkwab\"> <img decoding=\"async\" class=\"emoji\" role=\"img\" draggable=\"false\" src=\"https:\/\/s.w.org\/images\/core\/emoji\/13.0.1\/svg\/1f49a.svg\" alt=\"\ud83d\udc9a\"><\/span><\/span><\/li>\n<li>ksi\u0105\u017ckom mo\u017cna nada\u0107 nowe \u017cycie &#8211; ksi\u0105\u017ckobranie &#8211; przynie\u015b przeczytan\u0105 ksi\u0105\u017ck\u0119 i wymie\u0144 j\u0105 na pozycj\u0119 dost\u0119pn\u0105 w zbiorach <a href=\"https:\/\/www.facebook.com\/klubwolnejksiazki\">Klubu Wolnej Ksi\u0105\u017cki <span data-offset-key=\"fnvrg-0-0\">\ud83d\udcda<\/span><\/a><\/li>\n<li>atrakcje ekologiczne zapewni BNP Paribas <span class=\"sf5mxxl7 oqcyycmt nvdbi5me oygrvhab ditlmg2l kvgmc6g5 q9uorilb sgc6yxs4 qb00l2mb mufzhxvi\" data-testid=\"emoji\" data-outline-text=\"true\"><span class=\"enjifjd9 p16kav6w q9uorilb jedpkwab\"><img decoding=\"async\" class=\"emoji\" role=\"img\" draggable=\"false\" src=\"https:\/\/s.w.org\/images\/core\/emoji\/13.0.1\/svg\/1f49a.svg\" alt=\"\ud83d\udc9a\"><\/span><\/span><\/li>\n<li>zaj\u0119cia sportowe z <a href=\"https:\/\/www.facebook.com\/GravitanWarszawaTargowek\">Gravitan Targ\u00f3wek <span class=\"sf5mxxl7 oqcyycmt nvdbi5me oygrvhab ditlmg2l kvgmc6g5 q9uorilb sgc6yxs4 qb00l2mb mufzhxvi\" data-testid=\"emoji\" data-outline-text=\"true\"><span class=\"enjifjd9 p16kav6w q9uorilb jedpkwab\"><img decoding=\"async\" class=\"emoji\" role=\"img\" draggable=\"false\" src=\"https:\/\/s.w.org\/images\/core\/emoji\/13.0.1\/svg\/1f49a.svg\" alt=\"\ud83d\udc9a\"><\/span><\/span><\/a><\/li>\n<li>dzieci b\u0119d\u0105 eksperymentowa\u0107 z Szalonym Naukowcem <span class=\"sf5mxxl7 oqcyycmt nvdbi5me oygrvhab ditlmg2l kvgmc6g5 q9uorilb sgc6yxs4 qb00l2mb mufzhxvi\" data-testid=\"emoji\" data-outline-text=\"true\"><span class=\"enjifjd9 p16kav6w q9uorilb jedpkwab\"><img decoding=\"async\" class=\"emoji\" role=\"img\" draggable=\"false\" src=\"https:\/\/s.w.org\/images\/core\/emoji\/13.0.1\/svg\/1f49a.svg\" alt=\"\ud83d\udc9a\"><\/span><\/span><\/li>\n<li><a href=\"https:\/\/www.facebook.com\/decathlontargo\"><strong>Decathlon Targ\u00f3wek<\/strong><\/a> zapewni moc atrakcji <span class=\"sf5mxxl7 oqcyycmt nvdbi5me oygrvhab ditlmg2l kvgmc6g5 q9uorilb sgc6yxs4 qb00l2mb mufzhxvi\" data-testid=\"emoji\" data-outline-text=\"true\"><span class=\"enjifjd9 p16kav6w q9uorilb jedpkwab\"><img decoding=\"async\" class=\"emoji\" role=\"img\" draggable=\"false\" src=\"https:\/\/s.w.org\/images\/core\/emoji\/13.0.1\/svg\/1f49a.svg\" alt=\"\ud83d\udc9a\"><\/span><\/span><strong><span class=\"sf5mxxl7 oqcyycmt nvdbi5me oygrvhab ditlmg2l kvgmc6g5 q9uorilb sgc6yxs4 qb00l2mb mufzhxvi\" data-testid=\"emoji\" data-outline-text=\"true\"><span class=\"enjifjd9 p16kav6w q9uorilb jedpkwab\"><img decoding=\"async\" class=\"emoji aligncenter\" role=\"img\" draggable=\"false\" src=\"https:\/\/s.w.org\/images\/core\/emoji\/13.0.1\/svg\/1f49a.svg\" alt=\"\ud83d\udc9a\"><\/span><\/span> ZAPRASZAMY <span class=\"sf5mxxl7 oqcyycmt nvdbi5me oygrvhab ditlmg2l kvgmc6g5 q9uorilb sgc6yxs4 qb00l2mb mufzhxvi\" data-testid=\"emoji\" data-outline-text=\"true\"><span class=\"enjifjd9 p16kav6w q9uorilb jedpkwab\"><img decoding=\"async\" class=\"emoji aligncenter\" role=\"img\" draggable=\"false\" src=\"https:\/\/s.w.org\/images\/core\/emoji\/13.0.1\/svg\/1f49a.svg\" alt=\"\ud83d\udc9a\"> B\u0104D\u0179 RAZEM Z NAMI <img decoding=\"async\" class=\"emoji aligncenter\" role=\"img\" draggable=\"false\" src=\"https:\/\/s.w.org\/images\/core\/emoji\/13.0.1\/svg\/1f49a.svg\" alt=\"\ud83d\udc9a\"><\/span><\/span><\/strong><\/li>\n<\/ul>\n<p style=\"text-align: justify;\"><img loading=\"lazy\" decoding=\"async\" class=\"size-full wp-image-15083\" src=\"http:\/\/razemdlabialoleki.waw.pl\/wp-content\/uploads\/2021\/09\/plakat_piknik_A3_wybranyGUT1.png\" alt=\"\" width=\"1500\" height=\"2121\" srcset=\"http:\/\/razemdlabialoleki.waw.pl\/wp-content\/uploads\/2021\/09\/plakat_piknik_A3_wybranyGUT1.png 1500w, http:\/\/razemdlabialoleki.waw.pl\/wp-content\/uploads\/2021\/09\/plakat_piknik_A3_wybranyGUT1-212x300.png 212w, http:\/\/razemdlabialoleki.waw.pl\/wp-content\/uploads\/2021\/09\/plakat_piknik_A3_wybranyGUT1-724x1024.png 724w, http:\/\/razemdlabialoleki.waw.pl\/wp-content\/uploads\/2021\/09\/plakat_piknik_A3_wybranyGUT1-768x1086.png 768w, http:\/\/razemdlabialoleki.waw.pl\/wp-content\/uploads\/2021\/09\/plakat_piknik_A3_wybranyGUT1-1086x1536.png 1086w, http:\/\/razemdlabialoleki.waw.pl\/wp-content\/uploads\/2021\/09\/plakat_piknik_A3_wybranyGUT1-1448x2048.png 1448w\" sizes=\"auto, (max-width: 1500px) 100vw, 1500px\" \/><\/p>\n","protected":false},"excerpt":{"rendered":"<p>Zielony Piknik S\u0105siedzki to moc atrakcji ekologicznych po\u0142\u0105czonych z mi\u0119dzynarodow\u0105 kampani\u0105 &#8211; Sprz\u0105tanie \u015awiata (ang. Clean up the world) \u2060 organizowany przez Decathlon Targ\u00f3wek, Wsp\u00f3lnot\u0119 Lewand\u00f3w Le\u015bny i Stowarzyszenie Razem dla Bia\u0142o\u0142\u0119ki W programie: 10.00 &#8211; 12.00 &#8211; Sprz\u0105tanie \u015awiata, razem posprz\u0105tamy rejon ul. Geodezyjnej w tym pobliski las \ud83c\udf33 12.00 &#8211; 15.00 &#8211; Zielony [&hellip;]<\/p>\n","protected":false},"author":2,"featured_media":15080,"comment_status":"closed","ping_status":"closed","sticky":false,"template":"","format":"standard","meta":{"ngg_post_thumbnail":0,"footnotes":""},"categories":[10,28],"tags":[],"class_list":["post-15082","post","type-post","status-publish","format-standard","has-post-thumbnail","hentry","category-akcja-spoleczna","category-ochrona-srodowiska"],"_links":{"self":[{"href":"http:\/\/razemdlabialoleki.waw.pl\/index.php?rest_route=\/wp\/v2\/posts\/15082","targetHints":{"allow":["GET"]}}],"collection":[{"href":"http:\/\/razemdlabialoleki.waw.pl\/index.php?rest_route=\/wp\/v2\/posts"}],"about":[{"href":"http:\/\/razemdlabialoleki.waw.pl\/index.php?rest_route=\/wp\/v2\/types\/post"}],"author":[{"embeddable":true,"href":"http:\/\/razemdlabialoleki.waw.pl\/index.php?rest_route=\/wp\/v2\/users\/2"}],"replies":[{"embeddable":true,"href":"http:\/\/razemdlabialoleki.waw.pl\/index.php?rest_route=%2Fwp%2Fv2%2Fcomments&post=15082"}],"version-history":[{"count":3,"href":"http:\/\/razemdlabialoleki.waw.pl\/index.php?rest_route=\/wp\/v2\/posts\/15082\/revisions"}],"predecessor-version":[{"id":15088,"href":"http:\/\/razemdlabialoleki.waw.pl\/index.php?rest_route=\/wp\/v2\/posts\/15082\/revisions\/15088"}],"wp:featuredmedia":[{"embeddable":true,"href":"http:\/\/razemdlabialoleki.waw.pl\/index.php?rest_route=\/wp\/v2\/media\/15080"}],"wp:attachment":[{"href":"http:\/\/razemdlabialoleki.waw.pl\/index.php?rest_route=%2Fwp%2Fv2%2Fmedia&parent=15082"}],"wp:term":[{"taxonomy":"category","embeddable":true,"href":"http:\/\/razemdlabialoleki.waw.pl\/index.php?rest_route=%2Fwp%2Fv2%2Fcategories&post=15082"},{"taxonomy":"post_tag","embeddable":true,"href":"http:\/\/razemdlabialoleki.waw.pl\/index.php?rest_route=%2Fwp%2Fv2%2Ftags&post=15082"}],"curies":[{"name":"wp","href":"https:\/\/api.w.org\/{rel}","templated":true}]}}