{"id":15079,"date":"2021-09-13T21:18:08","date_gmt":"2021-09-13T20:18:08","guid":{"rendered":"http:\/\/razemdlabialoleki.waw.pl\/?p=15079"},"modified":"2021-09-13T22:24:09","modified_gmt":"2021-09-13T21:24:09","slug":"sprzatanie-swiata-4","status":"publish","type":"post","link":"http:\/\/razemdlabialoleki.waw.pl\/?p=15079","title":{"rendered":"Sprz\u0105tanie \u015awiata"},"content":{"rendered":"<p>Sprz\u0105tanie \u015awiata (ang. Clean up the world) \u2013 mi\u0119dzynarodowa kampania odbywaj\u0105ca si\u0119 na ca\u0142ym \u015bwiecie w trzeci weekend wrze\u015bnia \u2013 ju\u017c <strong>18 wrze\u015bnia<\/strong> spotkamy si\u0119 w kilku lokalizacjach na Bia\u0142o\u0142\u0119ce.<\/p>\n<p>Celem akcji jest sprz\u0105tanie \u015bmieci zalegaj\u0105cych poza miejscami przeznaczonymi do ich sk\u0142adowania, jak r\u00f3wnie\u017c wzrost \u015bwiadomo\u015bci ekologicznej.<\/p>\n<p>Lokalizacje w kt\u00f3rych b\u0119dzie mo\u017cna nas spotka\u0107 w rejonie ulic:<br \/>\n<span data-outline-text=\"true\">\u2060<\/span><span class=\"sf5mxxl7 oqcyycmt nvdbi5me oygrvhab ditlmg2l kvgmc6g5 q9uorilb sgc6yxs4 qb00l2mb mufzhxvi\" data-testid=\"emoji\" data-outline-text=\"true\"><span class=\"enjifjd9 p16kav6w q9uorilb jedpkwab\">\ud83d\udc9a<\/span><\/span><span data-outline-text=\"true\">\u2060<\/span> Pomorska\/Milenijna\/\u0106mielowska<br \/>\n<span class=\"sf5mxxl7 oqcyycmt nvdbi5me oygrvhab ditlmg2l kvgmc6g5 q9uorilb sgc6yxs4 qb00l2mb mufzhxvi\" data-testid=\"emoji\" data-outline-text=\"true\"><span class=\"enjifjd9 p16kav6w q9uorilb jedpkwab\">\ud83d\udc9a<\/span><\/span> Grzymalit\u00f3w<br \/>\n<span data-outline-text=\"true\">\u2060<\/span><span class=\"sf5mxxl7 oqcyycmt nvdbi5me oygrvhab ditlmg2l kvgmc6g5 q9uorilb sgc6yxs4 qb00l2mb mufzhxvi\" data-testid=\"emoji\" data-outline-text=\"true\"><span class=\"enjifjd9 p16kav6w q9uorilb jedpkwab\">\ud83d\udc9a<\/span><\/span><span data-outline-text=\"true\">\u2060<\/span> K\u0105cik<br \/>\n<span data-outline-text=\"true\">\u2060<\/span><span class=\"sf5mxxl7 oqcyycmt nvdbi5me oygrvhab ditlmg2l kvgmc6g5 q9uorilb sgc6yxs4 qb00l2mb mufzhxvi\" data-testid=\"emoji\" data-outline-text=\"true\"><span class=\"enjifjd9 p16kav6w q9uorilb jedpkwab\">\ud83d\udc9a<\/span><\/span><span data-outline-text=\"true\">\u2060<\/span> Klasyk\u00f3w<br \/>\n<span data-outline-text=\"true\">\u2060<\/span><span class=\"sf5mxxl7 oqcyycmt nvdbi5me oygrvhab ditlmg2l kvgmc6g5 q9uorilb sgc6yxs4 qb00l2mb mufzhxvi\" data-testid=\"emoji\" data-outline-text=\"true\"><span class=\"enjifjd9 p16kav6w q9uorilb jedpkwab\">\ud83d\udc9a<\/span><\/span><span data-outline-text=\"true\">\u2060<\/span> Krzy\u017c\u00f3wki<br \/>\n<span data-outline-text=\"true\">\u2060<\/span><span class=\"sf5mxxl7 oqcyycmt nvdbi5me oygrvhab ditlmg2l kvgmc6g5 q9uorilb sgc6yxs4 qb00l2mb mufzhxvi\" data-testid=\"emoji\" data-outline-text=\"true\"><span class=\"enjifjd9 p16kav6w q9uorilb jedpkwab\">\ud83d\udc9a<\/span><\/span><span data-outline-text=\"true\">\u2060<\/span> Geodezyjnej<\/p>\n<p>&nbsp;<\/p>\n<p><img loading=\"lazy\" decoding=\"async\" class=\"aligncenter size-full wp-image-15080\" src=\"http:\/\/razemdlabialoleki.waw.pl\/wp-content\/uploads\/2021\/09\/sprzatanie-swiata_21b21.png\" alt=\"\" width=\"900\" height=\"344\" srcset=\"http:\/\/razemdlabialoleki.waw.pl\/wp-content\/uploads\/2021\/09\/sprzatanie-swiata_21b21.png 900w, http:\/\/razemdlabialoleki.waw.pl\/wp-content\/uploads\/2021\/09\/sprzatanie-swiata_21b21-300x115.png 300w, http:\/\/razemdlabialoleki.waw.pl\/wp-content\/uploads\/2021\/09\/sprzatanie-swiata_21b21-768x294.png 768w\" sizes=\"auto, (max-width: 900px) 100vw, 900px\" \/><\/p>\n","protected":false},"excerpt":{"rendered":"<p>Sprz\u0105tanie \u015awiata (ang. Clean up the world) \u2013 mi\u0119dzynarodowa kampania odbywaj\u0105ca si\u0119 na ca\u0142ym \u015bwiecie w trzeci weekend wrze\u015bnia \u2013 ju\u017c 18 wrze\u015bnia spotkamy si\u0119 w kilku lokalizacjach na Bia\u0142o\u0142\u0119ce. Celem akcji jest sprz\u0105tanie \u015bmieci zalegaj\u0105cych poza miejscami przeznaczonymi do ich sk\u0142adowania, jak r\u00f3wnie\u017c wzrost \u015bwiadomo\u015bci ekologicznej. Lokalizacje w kt\u00f3rych b\u0119dzie mo\u017cna nas spotka\u0107 w [&hellip;]<\/p>\n","protected":false},"author":2,"featured_media":8186,"comment_status":"closed","ping_status":"closed","sticky":false,"template":"","format":"standard","meta":{"ngg_post_thumbnail":0,"footnotes":""},"categories":[10,28],"tags":[],"class_list":["post-15079","post","type-post","status-publish","format-standard","has-post-thumbnail","hentry","category-akcja-spoleczna","category-ochrona-srodowiska"],"_links":{"self":[{"href":"http:\/\/razemdlabialoleki.waw.pl\/index.php?rest_route=\/wp\/v2\/posts\/15079","targetHints":{"allow":["GET"]}}],"collection":[{"href":"http:\/\/razemdlabialoleki.waw.pl\/index.php?rest_route=\/wp\/v2\/posts"}],"about":[{"href":"http:\/\/razemdlabialoleki.waw.pl\/index.php?rest_route=\/wp\/v2\/types\/post"}],"author":[{"embeddable":true,"href":"http:\/\/razemdlabialoleki.waw.pl\/index.php?rest_route=\/wp\/v2\/users\/2"}],"replies":[{"embeddable":true,"href":"http:\/\/razemdlabialoleki.waw.pl\/index.php?rest_route=%2Fwp%2Fv2%2Fcomments&post=15079"}],"version-history":[{"count":2,"href":"http:\/\/razemdlabialoleki.waw.pl\/index.php?rest_route=\/wp\/v2\/posts\/15079\/revisions"}],"predecessor-version":[{"id":15085,"href":"http:\/\/razemdlabialoleki.waw.pl\/index.php?rest_route=\/wp\/v2\/posts\/15079\/revisions\/15085"}],"wp:featuredmedia":[{"embeddable":true,"href":"http:\/\/razemdlabialoleki.waw.pl\/index.php?rest_route=\/wp\/v2\/media\/8186"}],"wp:attachment":[{"href":"http:\/\/razemdlabialoleki.waw.pl\/index.php?rest_route=%2Fwp%2Fv2%2Fmedia&parent=15079"}],"wp:term":[{"taxonomy":"category","embeddable":true,"href":"http:\/\/razemdlabialoleki.waw.pl\/index.php?rest_route=%2Fwp%2Fv2%2Fcategories&post=15079"},{"taxonomy":"post_tag","embeddable":true,"href":"http:\/\/razemdlabialoleki.waw.pl\/index.php?rest_route=%2Fwp%2Fv2%2Ftags&post=15079"}],"curies":[{"name":"wp","href":"https:\/\/api.w.org\/{rel}","templated":true}]}}