{"id":11351,"date":"2020-08-26T16:29:34","date_gmt":"2020-08-26T15:29:34","guid":{"rendered":"http:\/\/razemdlabialoleki.waw.pl\/?p=11351"},"modified":"2020-08-26T16:42:55","modified_gmt":"2020-08-26T15:42:55","slug":"adoptuj-psiaka-warszawiaka","status":"publish","type":"post","link":"http:\/\/razemdlabialoleki.waw.pl\/?p=11351","title":{"rendered":"Adoptuj Psiaka-Warszawiaka"},"content":{"rendered":"\n<p>Dzi\u015b obchodzimy Mi\u0119dzynarodowy Dzie\u0144 Psa, dlatego szczeg\u00f3lnie warto pami\u0119ta\u0107 o psiakach, kt\u00f3re szukaj\u0105 nowych dom\u00f3w. W Schronisku na Paluchu czekaj\u0105 na niego:<\/p>\n\n\n\n<p><\/p>\n\n\n\n<p>Bosman -&gt;&nbsp;<a href=\"https:\/\/www1.napaluchu.waw.pl\/pet\/012001602\/\" target=\"_blank\" rel=\"noreferrer noopener\">https:\/\/www1.napaluchu.waw.pl\/pet\/012001602\/<\/a><\/p>\n\n\n\n<p>Carlos -&gt;&nbsp;<a href=\"https:\/\/www1.napaluchu.waw.pl\/pet\/011903619\/\" target=\"_blank\" rel=\"noreferrer noopener\">https:\/\/www1.napaluchu.waw.pl\/pet\/011903619\/<\/a><\/p>\n\n\n\n<p>Elba -&gt;&nbsp;<a href=\"https:\/\/www1.napaluchu.waw.pl\/pet\/011701459\/\" target=\"_blank\" rel=\"noreferrer noopener\">https:\/\/www1.napaluchu.waw.pl\/pet\/011701459\/<\/a><\/p>\n\n\n\n<p>Klopsik -&gt;&nbsp;<a href=\"https:\/\/www1.napaluchu.waw.pl\/pet\/011803826\/\" target=\"_blank\" rel=\"noreferrer noopener\">https:\/\/www1.napaluchu.waw.pl\/pet\/011803826\/<\/a><\/p>\n\n\n\n<p>Monte -&gt;&nbsp;<a href=\"https:\/\/www1.napaluchu.waw.pl\/pet\/012001138\/\" target=\"_blank\" rel=\"noreferrer noopener\">https:\/\/www1.napaluchu.waw.pl\/pet\/012001138\/<\/a><\/p>\n\n\n\n<p>Ned -&gt;&nbsp;<a href=\"https:\/\/www1.napaluchu.waw.pl\/pet\/011902275\/\" target=\"_blank\" rel=\"noreferrer noopener\">https:\/\/www1.napaluchu.waw.pl\/pet\/011902275\/<\/a><\/p>\n\n\n\n<p>Nobel -&gt;&nbsp;<a href=\"https:\/\/www1.napaluchu.waw.pl\/pet\/011903270\/\" target=\"_blank\" rel=\"noreferrer noopener\">https:\/\/www1.napaluchu.waw.pl\/pet\/011903270\/<\/a><\/p>\n\n\n\n<p>Radzio -&gt;&nbsp;<a href=\"https:\/\/www1.napaluchu.waw.pl\/pet\/012001655\/\" target=\"_blank\" rel=\"noreferrer noopener\">https:\/\/www1.napaluchu.waw.pl\/pet\/012001655\/<\/a><\/p>\n\n\n\n<p>Tadzik -&gt;&nbsp;<a href=\"https:\/\/www1.napaluchu.waw.pl\/pet\/012001255\/\" target=\"_blank\" rel=\"noreferrer noopener\">https:\/\/www1.napaluchu.waw.pl\/pet\/012001255\/<\/a><\/p>\n\n\n\n<p>Zefir -&gt;&nbsp;<a href=\"https:\/\/www1.napaluchu.waw.pl\/pet\/011800088\/\" target=\"_blank\" rel=\"noreferrer noopener\">https:\/\/www1.napaluchu.waw.pl\/pet\/011800088\/<\/a><\/p>\n","protected":false},"excerpt":{"rendered":"<p>Dzi\u015b obchodzimy Mi\u0119dzynarodowy Dzie\u0144 Psa, dlatego szczeg\u00f3lnie warto pami\u0119ta\u0107 o psiakach, kt\u00f3re szukaj\u0105 nowych dom\u00f3w. W Schronisku na Paluchu czekaj\u0105 na niego: Bosman -&gt;&nbsp;https:\/\/www1.napaluchu.waw.pl\/pet\/012001602\/ Carlos -&gt;&nbsp;https:\/\/www1.napaluchu.waw.pl\/pet\/011903619\/ Elba -&gt;&nbsp;https:\/\/www1.napaluchu.waw.pl\/pet\/011701459\/ Klopsik -&gt;&nbsp;https:\/\/www1.napaluchu.waw.pl\/pet\/011803826\/ Monte -&gt;&nbsp;https:\/\/www1.napaluchu.waw.pl\/pet\/012001138\/ Ned -&gt;&nbsp;https:\/\/www1.napaluchu.waw.pl\/pet\/011902275\/ Nobel -&gt;&nbsp;https:\/\/www1.napaluchu.waw.pl\/pet\/011903270\/ Radzio -&gt;&nbsp;https:\/\/www1.napaluchu.waw.pl\/pet\/012001655\/ Tadzik -&gt;&nbsp;https:\/\/www1.napaluchu.waw.pl\/pet\/012001255\/ Zefir -&gt;&nbsp;https:\/\/www1.napaluchu.waw.pl\/pet\/011800088\/<\/p>\n","protected":false},"author":2,"featured_media":11352,"comment_status":"closed","ping_status":"closed","sticky":false,"template":"","format":"standard","meta":{"ngg_post_thumbnail":0,"footnotes":""},"categories":[10],"tags":[],"class_list":["post-11351","post","type-post","status-publish","format-standard","has-post-thumbnail","hentry","category-akcja-spoleczna"],"_links":{"self":[{"href":"http:\/\/razemdlabialoleki.waw.pl\/index.php?rest_route=\/wp\/v2\/posts\/11351","targetHints":{"allow":["GET"]}}],"collection":[{"href":"http:\/\/razemdlabialoleki.waw.pl\/index.php?rest_route=\/wp\/v2\/posts"}],"about":[{"href":"http:\/\/razemdlabialoleki.waw.pl\/index.php?rest_route=\/wp\/v2\/types\/post"}],"author":[{"embeddable":true,"href":"http:\/\/razemdlabialoleki.waw.pl\/index.php?rest_route=\/wp\/v2\/users\/2"}],"replies":[{"embeddable":true,"href":"http:\/\/razemdlabialoleki.waw.pl\/index.php?rest_route=%2Fwp%2Fv2%2Fcomments&post=11351"}],"version-history":[{"count":3,"href":"http:\/\/razemdlabialoleki.waw.pl\/index.php?rest_route=\/wp\/v2\/posts\/11351\/revisions"}],"predecessor-version":[{"id":11355,"href":"http:\/\/razemdlabialoleki.waw.pl\/index.php?rest_route=\/wp\/v2\/posts\/11351\/revisions\/11355"}],"wp:featuredmedia":[{"embeddable":true,"href":"http:\/\/razemdlabialoleki.waw.pl\/index.php?rest_route=\/wp\/v2\/media\/11352"}],"wp:attachment":[{"href":"http:\/\/razemdlabialoleki.waw.pl\/index.php?rest_route=%2Fwp%2Fv2%2Fmedia&parent=11351"}],"wp:term":[{"taxonomy":"category","embeddable":true,"href":"http:\/\/razemdlabialoleki.waw.pl\/index.php?rest_route=%2Fwp%2Fv2%2Fcategories&post=11351"},{"taxonomy":"post_tag","embeddable":true,"href":"http:\/\/razemdlabialoleki.waw.pl\/index.php?rest_route=%2Fwp%2Fv2%2Ftags&post=11351"}],"curies":[{"name":"wp","href":"https:\/\/api.w.org\/{rel}","templated":true}]}}