{"id":10070,"date":"2020-04-29T10:22:22","date_gmt":"2020-04-29T09:22:22","guid":{"rendered":"http:\/\/razemdlabialoleki.waw.pl\/?p=10070"},"modified":"2021-08-26T10:58:54","modified_gmt":"2021-08-26T09:58:54","slug":"katy-grodziskie-plan-sytuacyjny","status":"publish","type":"post","link":"http:\/\/razemdlabialoleki.waw.pl\/?p=10070","title":{"rendered":"K\u0105ty Grodziskie [PLAN SYTUACYJNY]"},"content":{"rendered":"<p>W ramach zadania inwestycyjnego Poprawa uk\u0142adu drogowego na Bia\u0142o\u0142\u0119ce planowana jest rozbudowa ul. K\u0105ty Grodziskie na odc. ul. Zdziarska &#8211; ul. Berensona.<\/p>\n<p>Przyj\u0119te za\u0142o\u017cenia zak\u0142adaj\u0105 powstanie drogi kategorii Z (zbiorcza) o przekroju 1 x 2, obustronnych chodnik\u00f3w (w miar\u0119 mo\u017cliwo\u015bci), budow\u0119 zatok autobusowych, o\u015bwietlenia i odwodnienia drogi.<strong><\/strong><\/p>\n<p><strong><br \/>\n<\/strong><strong><\/strong>Nadal trwa projektowanie przebudowy ulicy, a przedstawiony plan sytuacyjny mo\u017ce ulec zmianie.<strong><br \/>\n<\/strong><\/p>\n<p><a href=\"http:\/\/razemdlabialoleki.waw.pl\/wp-content\/uploads\/2020\/04\/D-02.01-03-Plan-sytuacyjny-2020.04.06-D-02.03.pdf\"><img loading=\"lazy\" decoding=\"async\" class=\"aligncenter size-full wp-image-10077\" src=\"http:\/\/razemdlabialoleki.waw.pl\/wp-content\/uploads\/2020\/04\/D-02.01-03-Plan-sytuacyjny-2020.04.06-D-02.03-1-scaled.jpg\" alt=\"\" width=\"2560\" height=\"475\" srcset=\"http:\/\/razemdlabialoleki.waw.pl\/wp-content\/uploads\/2020\/04\/D-02.01-03-Plan-sytuacyjny-2020.04.06-D-02.03-1-scaled.jpg 2560w, http:\/\/razemdlabialoleki.waw.pl\/wp-content\/uploads\/2020\/04\/D-02.01-03-Plan-sytuacyjny-2020.04.06-D-02.03-1-300x56.jpg 300w, http:\/\/razemdlabialoleki.waw.pl\/wp-content\/uploads\/2020\/04\/D-02.01-03-Plan-sytuacyjny-2020.04.06-D-02.03-1-1024x190.jpg 1024w, http:\/\/razemdlabialoleki.waw.pl\/wp-content\/uploads\/2020\/04\/D-02.01-03-Plan-sytuacyjny-2020.04.06-D-02.03-1-768x143.jpg 768w, http:\/\/razemdlabialoleki.waw.pl\/wp-content\/uploads\/2020\/04\/D-02.01-03-Plan-sytuacyjny-2020.04.06-D-02.03-1-1536x285.jpg 1536w, http:\/\/razemdlabialoleki.waw.pl\/wp-content\/uploads\/2020\/04\/D-02.01-03-Plan-sytuacyjny-2020.04.06-D-02.03-1-2048x380.jpg 2048w\" sizes=\"auto, (max-width: 2560px) 100vw, 2560px\" \/><\/a> <a href=\"http:\/\/razemdlabialoleki.waw.pl\/wp-content\/uploads\/2020\/04\/D-02.01-03-Plan-sytuacyjny-2020.04.06-D-02.02.pdf\"><img loading=\"lazy\" decoding=\"async\" class=\"aligncenter size-full wp-image-10075\" src=\"http:\/\/razemdlabialoleki.waw.pl\/wp-content\/uploads\/2020\/04\/D-02.01-03-Plan-sytuacyjny-2020.04.06-D-02.02-1-scaled.jpg\" alt=\"\" width=\"2560\" height=\"507\" srcset=\"http:\/\/razemdlabialoleki.waw.pl\/wp-content\/uploads\/2020\/04\/D-02.01-03-Plan-sytuacyjny-2020.04.06-D-02.02-1-scaled.jpg 2560w, http:\/\/razemdlabialoleki.waw.pl\/wp-content\/uploads\/2020\/04\/D-02.01-03-Plan-sytuacyjny-2020.04.06-D-02.02-1-300x59.jpg 300w, http:\/\/razemdlabialoleki.waw.pl\/wp-content\/uploads\/2020\/04\/D-02.01-03-Plan-sytuacyjny-2020.04.06-D-02.02-1-1024x203.jpg 1024w, http:\/\/razemdlabialoleki.waw.pl\/wp-content\/uploads\/2020\/04\/D-02.01-03-Plan-sytuacyjny-2020.04.06-D-02.02-1-768x152.jpg 768w, http:\/\/razemdlabialoleki.waw.pl\/wp-content\/uploads\/2020\/04\/D-02.01-03-Plan-sytuacyjny-2020.04.06-D-02.02-1-1536x304.jpg 1536w, http:\/\/razemdlabialoleki.waw.pl\/wp-content\/uploads\/2020\/04\/D-02.01-03-Plan-sytuacyjny-2020.04.06-D-02.02-1-2048x406.jpg 2048w\" sizes=\"auto, (max-width: 2560px) 100vw, 2560px\" \/><\/a> <a href=\"http:\/\/razemdlabialoleki.waw.pl\/wp-content\/uploads\/2020\/04\/D-02.01-03-Plan-sytuacyjny-2020.04.06-D-02.01.pdf\"><img loading=\"lazy\" decoding=\"async\" class=\"aligncenter size-full wp-image-10073\" src=\"http:\/\/razemdlabialoleki.waw.pl\/wp-content\/uploads\/2020\/04\/D-02.01-03-Plan-sytuacyjny-2020.04.06-D-02.01-1-scaled.jpg\" alt=\"\" width=\"2560\" height=\"896\" srcset=\"http:\/\/razemdlabialoleki.waw.pl\/wp-content\/uploads\/2020\/04\/D-02.01-03-Plan-sytuacyjny-2020.04.06-D-02.01-1-scaled.jpg 2560w, http:\/\/razemdlabialoleki.waw.pl\/wp-content\/uploads\/2020\/04\/D-02.01-03-Plan-sytuacyjny-2020.04.06-D-02.01-1-300x105.jpg 300w, http:\/\/razemdlabialoleki.waw.pl\/wp-content\/uploads\/2020\/04\/D-02.01-03-Plan-sytuacyjny-2020.04.06-D-02.01-1-1024x359.jpg 1024w, http:\/\/razemdlabialoleki.waw.pl\/wp-content\/uploads\/2020\/04\/D-02.01-03-Plan-sytuacyjny-2020.04.06-D-02.01-1-768x269.jpg 768w, http:\/\/razemdlabialoleki.waw.pl\/wp-content\/uploads\/2020\/04\/D-02.01-03-Plan-sytuacyjny-2020.04.06-D-02.01-1-1536x538.jpg 1536w, http:\/\/razemdlabialoleki.waw.pl\/wp-content\/uploads\/2020\/04\/D-02.01-03-Plan-sytuacyjny-2020.04.06-D-02.01-1-2048x717.jpg 2048w\" sizes=\"auto, (max-width: 2560px) 100vw, 2560px\" \/><\/a><\/p>\n","protected":false},"excerpt":{"rendered":"<p>W ramach zadania inwestycyjnego Poprawa uk\u0142adu drogowego na Bia\u0142o\u0142\u0119ce planowana jest rozbudowa ul. K\u0105ty Grodziskie na odc. ul. Zdziarska &#8211; ul. Berensona. Przyj\u0119te za\u0142o\u017cenia zak\u0142adaj\u0105 powstanie drogi kategorii Z (zbiorcza) o przekroju 1 x 2, obustronnych chodnik\u00f3w (w miar\u0119 mo\u017cliwo\u015bci), budow\u0119 zatok autobusowych, o\u015bwietlenia i odwodnienia drogi. Nadal trwa projektowanie przebudowy ulicy, a przedstawiony plan [&hellip;]<\/p>\n","protected":false},"author":2,"featured_media":14636,"comment_status":"closed","ping_status":"closed","sticky":false,"template":"","format":"standard","meta":{"ngg_post_thumbnail":0,"footnotes":""},"categories":[27],"tags":[],"class_list":["post-10070","post","type-post","status-publish","format-standard","has-post-thumbnail","hentry","category-inwestycje"],"_links":{"self":[{"href":"http:\/\/razemdlabialoleki.waw.pl\/index.php?rest_route=\/wp\/v2\/posts\/10070","targetHints":{"allow":["GET"]}}],"collection":[{"href":"http:\/\/razemdlabialoleki.waw.pl\/index.php?rest_route=\/wp\/v2\/posts"}],"about":[{"href":"http:\/\/razemdlabialoleki.waw.pl\/index.php?rest_route=\/wp\/v2\/types\/post"}],"author":[{"embeddable":true,"href":"http:\/\/razemdlabialoleki.waw.pl\/index.php?rest_route=\/wp\/v2\/users\/2"}],"replies":[{"embeddable":true,"href":"http:\/\/razemdlabialoleki.waw.pl\/index.php?rest_route=%2Fwp%2Fv2%2Fcomments&post=10070"}],"version-history":[{"count":4,"href":"http:\/\/razemdlabialoleki.waw.pl\/index.php?rest_route=\/wp\/v2\/posts\/10070\/revisions"}],"predecessor-version":[{"id":14637,"href":"http:\/\/razemdlabialoleki.waw.pl\/index.php?rest_route=\/wp\/v2\/posts\/10070\/revisions\/14637"}],"wp:featuredmedia":[{"embeddable":true,"href":"http:\/\/razemdlabialoleki.waw.pl\/index.php?rest_route=\/wp\/v2\/media\/14636"}],"wp:attachment":[{"href":"http:\/\/razemdlabialoleki.waw.pl\/index.php?rest_route=%2Fwp%2Fv2%2Fmedia&parent=10070"}],"wp:term":[{"taxonomy":"category","embeddable":true,"href":"http:\/\/razemdlabialoleki.waw.pl\/index.php?rest_route=%2Fwp%2Fv2%2Fcategories&post=10070"},{"taxonomy":"post_tag","embeddable":true,"href":"http:\/\/razemdlabialoleki.waw.pl\/index.php?rest_route=%2Fwp%2Fv2%2Ftags&post=10070"}],"curies":[{"name":"wp","href":"https:\/\/api.w.org\/{rel}","templated":true}]}}